{"id":2580,"date":"2019-09-12T07:00:11","date_gmt":"2019-09-12T06:00:11","guid":{"rendered":"https:\/\/keynotespeaker.one\/gestione-del-personale-e-stile-di-leadership-lavoratore-autonomo-14\/"},"modified":"2021-06-18T10:13:10","modified_gmt":"2021-06-18T09:13:10","slug":"gestione-del-personale-e-stile-di-leadership-lavoratore-autonomo-14","status":"publish","type":"post","link":"https:\/\/keynotespeaker.one\/it\/gestione-del-personale-e-stile-di-leadership-lavoratore-autonomo-14\/","title":{"rendered":"Gestione del personale e stile di leadership &#8211; Lavoratore autonomo #14"},"content":{"rendered":"<p>Gestione delle risorse umane e stile di leadership &#8211; la leadership \u00e8 uno dei miei argomenti preferiti quando sono con altri imprenditori. Io stesso sono un formatore professionale, un giovane imprenditore con tutta la passione e l&#8217;ambizione di rendere i miei dipendenti il meglio del meglio.<\/p>\n<h2>Azione coerente: Stile di leadership e responsabilit\u00e0 personale<\/h2>\n<p>In realt\u00e0, per\u00f2, mi imbatto in molti imprenditori che passano la maggior parte del loro tempo viaggiando o facendo festa. Questo, naturalmente, contrasta con l&#8217;imprenditorialit\u00e0, con l&#8217;iniziare in orario in ufficio, con l&#8217;esercizio della moderazione finanziaria e con l&#8217;investimento saggio dei propri fondi. Ci\u00f2 che vale per il capitale, naturalmente, vale anche per il vostro tempo. Poi ci sono due o tre persone che lavorano in ufficio, facendo lo stesso lavoro ogni giorno, e il capo si diverte. D&#8217;altra parte, ci sono anche quelli che lavorano con il loro personale, ma non forniscono ancora la motivazione al proprio personale. Invece di sostenere attivamente il personale, c&#8217;\u00e8 un lavoro parallelo. Ecco il tuo lavoro, grazie mille, a dopo.<\/p>\n<h3>Comunicazione chiara &#8211; affrontare gli errori<\/h3>\n<p>La mia filosofia ruota intorno alla formazione dei top manager. La formazione richiede tempo e naturalmente costa molto tempo nella preparazione e nell&#8217;esecuzione. Inoltre, i desideri individuali dei dipendenti devono essere presi in considerazione in modo che non vedano il loro lavoro solo come un lavoro, ma che si divertano a fare i loro compiti quotidiani, per la loro propria motivazione. Penso che sia estremamente importante prendersi cura dei dipendenti e penso che sia importante che come capo non si denigrino mai i dipendenti in alcun modo. Prenditi il tuo tempo, prendili sul serio. Come detto in precedenza, ogni errore che accade nell&#8217;azienda finisce per essere colpa tua. Non l&#8217;hai spiegato bene, non l&#8217;hai guardato, molte ragioni per una dichiarazione: tu sei responsabile di tutto. Di conseguenza, le interazioni con i dipendenti devono essere sempre professionali. Gli errori devono essere affrontati in modo chiaro ed esplicito, ma mai emotivamente.<\/p>\n<h3>Nessuna emotivit\u00e0 &#8211; argomentare con calma e tranquillit\u00e0<\/h3>\n<p>In generale, ti consiglio come imprenditore di lasciare l&#8217;emotivit\u00e0 completamente fuori dal tuo business. Bisogna prendere decisioni in modo sobrio, fattuale e oggettivo. Se metti da parte i tuoi sentimenti personali, puoi vedere le situazioni pi\u00f9 chiaramente. Si hanno meno preferenze proprie, si \u00e8 meno inclini a giudicare meglio qualcosa che non sia per interesse personale, si agisce in modo imprenditoriale, non personale. In definitiva, questo \u00e8 ci\u00f2 che vuoi ottenere con la tua attivit\u00e0: professionisti, manager, direttori che agiscono. Tu prendi solo le decisioni strategiche (e naturalmente quelle operative pi\u00f9 importanti).<\/p>\n<h3>Considerazione dell&#8217;oggetto &#8211; trattare i dipendenti in modo equo<\/h3>\n<p>Un supporto mentale per la visione oggettiva, la vostra azienda \u00e8 di solito un&#8217;entit\u00e0 legale all&#8217;inizio. Ogni volta che si forma una UG o una GmbH. L&#8217;azienda non sei tu. Prima si \u00e8 interiorizzato questo, prima si vede l&#8217;azienda come una persona separata, come un marchio separato con un&#8217;identit\u00e0.<\/p>\n<p>Ma la componente finanziaria del vostro business \u00e8 anche una questione di emozioni. Soprattutto nei primi anni, avrete un sacco di momenti che sono difficili da descrivere con tutte le emozioni in un libro, forse descrive la domanda: &#8220;Oh mio Dio, come far\u00f2 a gestire tutto questo?&#8221; La domanda ritorna puntualmente ogni due o tre mesi fino a quando alla fine ci si abitua o fino a quando l&#8217;azienda \u00e8 regolarmente in attivo. Ricorder\u00f2 sempre una frase, di un mio amico imprenditore, che diceva: &#8220;le sfide quotidiane non diminuiscono, diventano solo pi\u00f9 grandi&#8221;. Quella frase \u00e8 stata un improvviso controllo della realt\u00e0 per me. E infatti, ancora oggi ho impostato i notebook, solo che ora ce ne sono a volte 3.4 invece di uno solo nuovo. Questo \u00e8 anche il punto in cui torniamo alla gestione delle persone, inizia sempre con te e inizia sempre nei dettagli. Una casa ordinata, una mente strutturata, un ufficio ordinato.<\/p>\n<h2>Modello di ruolo positivo &#8211; gestione del dipartimento, amministratore delegato e proprietario<\/h2>\n<p>I dipendenti se ne rendono conto, sentono che tu stesso ti preoccupi (in seguito, ti preoccupi) di ogni dettaglio. Di loro iniziativa, semplicemente perch\u00e9 gli piace farlo. Questo si trasmette e cos\u00ec anche i dipendenti amano assumersi le loro responsabilit\u00e0. Se tu, come proprietario di un&#8217;azienda, non hai voglia di prenderti cura della tua tazza di caff\u00e8 da solo, allora questo si ripercuote e i dipendenti logicamente si pongono la domanda: perch\u00e9 dovrei farlo, specialmente se nessuno se ne accorge mai? Lavastoviglie, tazze da caff\u00e8, queste ti sembrano piccole cose inutili all&#8217;inizio. Ma quando alla fine scrivi la prima grande proposta con un dipendente, vuoi che ogni singolo punto sia considerato. Non si vuole che nulla rimanga incompiuto. Inizia con la tazza di caff\u00e8 e finisce nella stima delle spese di viaggio per le ore di consulenza. I clienti che sono disposti a spendere molti soldi si aspettano un buon servizio. Tu sei l&#8217;allenatore della squadra, \u00e8 tua responsabilit\u00e0 assicurarti che la tua squadra sia la migliore, con finezza tattica &#8211; o che giochi per sempre nel campionato della contea. Sii un modello dalla mattina alla sera, dalla prima tazza di caff\u00e8 alla proposta di 12 pagine in carattere 8.<\/p>\n<h3>Dare l&#8217;esempio &#8211; Chi grida si sbaglia<\/h3>\n<p>E se qualcuno fa un errore? Non alzare mai la voce. Di nuovo, date l&#8217;esempio. Se gridate, vi sbagliate. Le sfide devono essere risolte. \u00c8 cos\u00ec semplice. Inoltre, eliminate la parola &#8220;problema&#8221; dal vostro vocabolario mentale. Per te, a partire da oggi, ci sono solo sfide e soluzioni. Nella vostra vita quotidiana, sarete sempre confrontati con situazioni sulle quali non avete controllo. Il caff\u00e8 appena fatto nel circuito, guasto di tutti gli apparecchi, scossa elettrica, riparazione. Conoscete la storia. Sgridare i colleghi, nessuna soluzione. Discutere obiettivamente, trovare una soluzione: Niente pi\u00f9 tazze di caff\u00e8 aperte sulla scrivania, dietro il quaderno. Situazione risolta. Dritto al servizio clienti e via a fare soldi! In qualsiasi situazione in cui si va fuori controllo da soli, ci sono molti fattori successivi di cui non si ha bisogno in quel momento. Per prima cosa, si perde tempo e quindi denaro. Per un altro, la tua mente \u00e8 preoccupata per una tazza di caff\u00e8 e una ciabatta. Davvero?<\/p>\n<h3>Sfide, soluzione, pi\u00f9 avanti nel business<\/h3>\n<p>Questo deve essere sempre il vostro motto. Pi\u00f9 calmo, pi\u00f9 focalizzato e concentrato sei, pi\u00f9 successo avrai. Pi\u00f9 i vostri dipendenti vi apprezzeranno, soprattutto se hanno gi\u00e0 incontrato altri datori di lavoro. Sentono che li prendete sul serio. Sentono che i loro desideri e bisogni sono rispettati. Ma sanno anche che si guida sempre con una linea e una strategia chiara. Con questo stile di leadership si crea un ambiente di lavoro buono e positivo per un futuro sostenibile e lo sviluppo dei dipendenti.<\/p>\n\n","protected":false},"excerpt":{"rendered":"<p>Gestione delle risorse umane e stile di leadership &#8211; la leadership \u00e8 uno dei miei argomenti preferiti quando sono con altri imprenditori. Io stesso sono un formatore professionale, un giovane imprenditore con tutta la passione e l&#8217;ambizione di rendere i miei dipendenti il meglio del meglio. Azione coerente: Stile di leadership e responsabilit\u00e0 personale In [&hellip;]<\/p>\n","protected":false},"author":1,"featured_media":1668,"comment_status":"closed","ping_status":"closed","sticky":false,"template":"","format":"standard","meta":[],"categories":[1],"tags":[1910,1911,1912,1712,1711,1913,1715,1716,1909],"yoast_head":"<!-- This site is optimized with the Yoast SEO plugin v21.8.1 - https:\/\/yoast.com\/wordpress\/plugins\/seo\/ -->\n<title>Gestione del personale e stile di leadership - Lavoratore autonomo #14 - KY | Keynote Speaker Agency<\/title>\n<meta name=\"robots\" content=\"index, follow, max-snippet:-1, max-image-preview:large, max-video-preview:-1\" \/>\n<link rel=\"canonical\" href=\"https:\/\/keynotespeaker.one\/it\/gestione-del-personale-e-stile-di-leadership-lavoratore-autonomo-14\/\" \/>\n<meta property=\"og:locale\" content=\"it_IT\" \/>\n<meta property=\"og:type\" content=\"article\" \/>\n<meta property=\"og:title\" content=\"Gestione del personale e stile di leadership - Lavoratore autonomo #14 - KY | Keynote Speaker Agency\" \/>\n<meta property=\"og:description\" content=\"Gestione delle risorse umane e stile di leadership &#8211; la leadership \u00e8 uno dei miei argomenti preferiti quando sono con altri imprenditori. Io stesso sono un formatore professionale, un giovane imprenditore con tutta la passione e l&#8217;ambizione di rendere i miei dipendenti il meglio del meglio. Azione coerente: Stile di leadership e responsabilit\u00e0 personale In [&hellip;]\" \/>\n<meta property=\"og:url\" content=\"https:\/\/keynotespeaker.one\/it\/gestione-del-personale-e-stile-di-leadership-lavoratore-autonomo-14\/\" \/>\n<meta property=\"og:site_name\" content=\"KY | Keynote Speaker Agency\" \/>\n<meta property=\"article:published_time\" content=\"2019-09-12T06:00:11+00:00\" \/>\n<meta property=\"article:modified_time\" content=\"2021-06-18T09:13:10+00:00\" \/>\n<meta property=\"og:image\" content=\"https:\/\/keynotespeaker.one\/wp-content\/uploads\/2019\/07\/geschaeftsmann-unternehmen-firma-smartphone-anzug-beton-treppe-laufen.jpg\" \/>\n\t<meta property=\"og:image:width\" content=\"1250\" \/>\n\t<meta property=\"og:image:height\" content=\"620\" \/>\n\t<meta property=\"og:image:type\" content=\"image\/jpeg\" \/>\n<meta name=\"author\" content=\"L_kinski\" \/>\n<meta name=\"twitter:card\" content=\"summary_large_image\" \/>\n<script type=\"application\/ld+json\" class=\"yoast-schema-graph\">{\"@context\":\"https:\/\/schema.org\",\"@graph\":[{\"@type\":\"Article\",\"@id\":\"https:\/\/keynotespeaker.one\/it\/gestione-del-personale-e-stile-di-leadership-lavoratore-autonomo-14\/#article\",\"isPartOf\":{\"@id\":\"https:\/\/keynotespeaker.one\/it\/gestione-del-personale-e-stile-di-leadership-lavoratore-autonomo-14\/\"},\"author\":{\"name\":\"L_kinski\",\"@id\":\"https:\/\/keynotespeaker.one\/#\/schema\/person\/78ece012212d2cb68f477a30386f9eec\"},\"headline\":\"Gestione del personale e stile di leadership &#8211; Lavoratore autonomo #14\",\"datePublished\":\"2019-09-12T06:00:11+00:00\",\"dateModified\":\"2021-06-18T09:13:10+00:00\",\"mainEntityOfPage\":{\"@id\":\"https:\/\/keynotespeaker.one\/it\/gestione-del-personale-e-stile-di-leadership-lavoratore-autonomo-14\/\"},\"wordCount\":1109,\"publisher\":{\"@id\":\"https:\/\/keynotespeaker.one\/#organization\"},\"keywords\":[\"Capacit\u00e0 di agire\",\"Competenza d'azione\",\"Comunicazione\",\"fare soldi\",\"formare una societ\u00e0\",\"Gestione delle risorse umane\",\"Guida\",\"Lavoratore autonomo\",\"Stile di leadership\"],\"articleSection\":[\"News\"],\"inLanguage\":\"it-IT\"},{\"@type\":\"WebPage\",\"@id\":\"https:\/\/keynotespeaker.one\/it\/gestione-del-personale-e-stile-di-leadership-lavoratore-autonomo-14\/\",\"url\":\"https:\/\/keynotespeaker.one\/it\/gestione-del-personale-e-stile-di-leadership-lavoratore-autonomo-14\/\",\"name\":\"Gestione del personale e stile di leadership - Lavoratore autonomo #14 - KY | Keynote Speaker Agency\",\"isPartOf\":{\"@id\":\"https:\/\/keynotespeaker.one\/#website\"},\"datePublished\":\"2019-09-12T06:00:11+00:00\",\"dateModified\":\"2021-06-18T09:13:10+00:00\",\"breadcrumb\":{\"@id\":\"https:\/\/keynotespeaker.one\/it\/gestione-del-personale-e-stile-di-leadership-lavoratore-autonomo-14\/#breadcrumb\"},\"inLanguage\":\"it-IT\",\"potentialAction\":[{\"@type\":\"ReadAction\",\"target\":[\"https:\/\/keynotespeaker.one\/it\/gestione-del-personale-e-stile-di-leadership-lavoratore-autonomo-14\/\"]}]},{\"@type\":\"BreadcrumbList\",\"@id\":\"https:\/\/keynotespeaker.one\/it\/gestione-del-personale-e-stile-di-leadership-lavoratore-autonomo-14\/#breadcrumb\",\"itemListElement\":[{\"@type\":\"ListItem\",\"position\":1,\"name\":\"Home\",\"item\":\"https:\/\/keynotespeaker.one\/de\/start\/\"},{\"@type\":\"ListItem\",\"position\":2,\"name\":\"Gestione del personale e stile di leadership &#8211; Lavoratore autonomo #14\"}]},{\"@type\":\"WebSite\",\"@id\":\"https:\/\/keynotespeaker.one\/#website\",\"url\":\"https:\/\/keynotespeaker.one\/\",\"name\":\"KY | Keynote Speaker Agency\",\"description\":\"\",\"publisher\":{\"@id\":\"https:\/\/keynotespeaker.one\/#organization\"},\"potentialAction\":[{\"@type\":\"SearchAction\",\"target\":{\"@type\":\"EntryPoint\",\"urlTemplate\":\"https:\/\/keynotespeaker.one\/?s={search_term_string}\"},\"query-input\":\"required name=search_term_string\"}],\"inLanguage\":\"it-IT\"},{\"@type\":\"Organization\",\"@id\":\"https:\/\/keynotespeaker.one\/#organization\",\"name\":\"Keynote Speaker One\",\"url\":\"https:\/\/keynotespeaker.one\/\",\"logo\":{\"@type\":\"ImageObject\",\"inLanguage\":\"it-IT\",\"@id\":\"https:\/\/keynotespeaker.one\/#\/schema\/logo\/image\/\",\"url\":\"https:\/\/keynotespeaker.one\/wp-content\/uploads\/2019\/02\/keynote-speaker-agency-logo-learning-health-sport-business-coaching.png\",\"contentUrl\":\"https:\/\/keynotespeaker.one\/wp-content\/uploads\/2019\/02\/keynote-speaker-agency-logo-learning-health-sport-business-coaching.png\",\"width\":244,\"height\":80,\"caption\":\"Keynote Speaker One\"},\"image\":{\"@id\":\"https:\/\/keynotespeaker.one\/#\/schema\/logo\/image\/\"}},{\"@type\":\"Person\",\"@id\":\"https:\/\/keynotespeaker.one\/#\/schema\/person\/78ece012212d2cb68f477a30386f9eec\",\"name\":\"L_kinski\",\"image\":{\"@type\":\"ImageObject\",\"inLanguage\":\"it-IT\",\"@id\":\"https:\/\/keynotespeaker.one\/#\/schema\/person\/image\/\",\"url\":\"https:\/\/secure.gravatar.com\/avatar\/3f5a5845ea3c42385b423a32838f2f34?s=96&d=mm&r=g\",\"contentUrl\":\"https:\/\/secure.gravatar.com\/avatar\/3f5a5845ea3c42385b423a32838f2f34?s=96&d=mm&r=g\",\"caption\":\"L_kinski\"}}]}<\/script>\n<!-- \/ Yoast SEO plugin. -->","yoast_head_json":{"title":"Gestione del personale e stile di leadership - Lavoratore autonomo #14 - KY | Keynote Speaker Agency","robots":{"index":"index","follow":"follow","max-snippet":"max-snippet:-1","max-image-preview":"max-image-preview:large","max-video-preview":"max-video-preview:-1"},"canonical":"https:\/\/keynotespeaker.one\/it\/gestione-del-personale-e-stile-di-leadership-lavoratore-autonomo-14\/","og_locale":"it_IT","og_type":"article","og_title":"Gestione del personale e stile di leadership - Lavoratore autonomo #14 - KY | Keynote Speaker Agency","og_description":"Gestione delle risorse umane e stile di leadership &#8211; la leadership \u00e8 uno dei miei argomenti preferiti quando sono con altri imprenditori. Io stesso sono un formatore professionale, un giovane imprenditore con tutta la passione e l&#8217;ambizione di rendere i miei dipendenti il meglio del meglio. Azione coerente: Stile di leadership e responsabilit\u00e0 personale In [&hellip;]","og_url":"https:\/\/keynotespeaker.one\/it\/gestione-del-personale-e-stile-di-leadership-lavoratore-autonomo-14\/","og_site_name":"KY | Keynote Speaker Agency","article_published_time":"2019-09-12T06:00:11+00:00","article_modified_time":"2021-06-18T09:13:10+00:00","og_image":[{"width":1250,"height":620,"url":"https:\/\/keynotespeaker.one\/wp-content\/uploads\/2019\/07\/geschaeftsmann-unternehmen-firma-smartphone-anzug-beton-treppe-laufen.jpg","type":"image\/jpeg"}],"author":"L_kinski","twitter_card":"summary_large_image","schema":{"@context":"https:\/\/schema.org","@graph":[{"@type":"Article","@id":"https:\/\/keynotespeaker.one\/it\/gestione-del-personale-e-stile-di-leadership-lavoratore-autonomo-14\/#article","isPartOf":{"@id":"https:\/\/keynotespeaker.one\/it\/gestione-del-personale-e-stile-di-leadership-lavoratore-autonomo-14\/"},"author":{"name":"L_kinski","@id":"https:\/\/keynotespeaker.one\/#\/schema\/person\/78ece012212d2cb68f477a30386f9eec"},"headline":"Gestione del personale e stile di leadership &#8211; Lavoratore autonomo #14","datePublished":"2019-09-12T06:00:11+00:00","dateModified":"2021-06-18T09:13:10+00:00","mainEntityOfPage":{"@id":"https:\/\/keynotespeaker.one\/it\/gestione-del-personale-e-stile-di-leadership-lavoratore-autonomo-14\/"},"wordCount":1109,"publisher":{"@id":"https:\/\/keynotespeaker.one\/#organization"},"keywords":["Capacit\u00e0 di agire","Competenza d'azione","Comunicazione","fare soldi","formare una societ\u00e0","Gestione delle risorse umane","Guida","Lavoratore autonomo","Stile di leadership"],"articleSection":["News"],"inLanguage":"it-IT"},{"@type":"WebPage","@id":"https:\/\/keynotespeaker.one\/it\/gestione-del-personale-e-stile-di-leadership-lavoratore-autonomo-14\/","url":"https:\/\/keynotespeaker.one\/it\/gestione-del-personale-e-stile-di-leadership-lavoratore-autonomo-14\/","name":"Gestione del personale e stile di leadership - Lavoratore autonomo #14 - KY | Keynote Speaker Agency","isPartOf":{"@id":"https:\/\/keynotespeaker.one\/#website"},"datePublished":"2019-09-12T06:00:11+00:00","dateModified":"2021-06-18T09:13:10+00:00","breadcrumb":{"@id":"https:\/\/keynotespeaker.one\/it\/gestione-del-personale-e-stile-di-leadership-lavoratore-autonomo-14\/#breadcrumb"},"inLanguage":"it-IT","potentialAction":[{"@type":"ReadAction","target":["https:\/\/keynotespeaker.one\/it\/gestione-del-personale-e-stile-di-leadership-lavoratore-autonomo-14\/"]}]},{"@type":"BreadcrumbList","@id":"https:\/\/keynotespeaker.one\/it\/gestione-del-personale-e-stile-di-leadership-lavoratore-autonomo-14\/#breadcrumb","itemListElement":[{"@type":"ListItem","position":1,"name":"Home","item":"https:\/\/keynotespeaker.one\/de\/start\/"},{"@type":"ListItem","position":2,"name":"Gestione del personale e stile di leadership &#8211; Lavoratore autonomo #14"}]},{"@type":"WebSite","@id":"https:\/\/keynotespeaker.one\/#website","url":"https:\/\/keynotespeaker.one\/","name":"KY | Keynote Speaker Agency","description":"","publisher":{"@id":"https:\/\/keynotespeaker.one\/#organization"},"potentialAction":[{"@type":"SearchAction","target":{"@type":"EntryPoint","urlTemplate":"https:\/\/keynotespeaker.one\/?s={search_term_string}"},"query-input":"required name=search_term_string"}],"inLanguage":"it-IT"},{"@type":"Organization","@id":"https:\/\/keynotespeaker.one\/#organization","name":"Keynote Speaker One","url":"https:\/\/keynotespeaker.one\/","logo":{"@type":"ImageObject","inLanguage":"it-IT","@id":"https:\/\/keynotespeaker.one\/#\/schema\/logo\/image\/","url":"https:\/\/keynotespeaker.one\/wp-content\/uploads\/2019\/02\/keynote-speaker-agency-logo-learning-health-sport-business-coaching.png","contentUrl":"https:\/\/keynotespeaker.one\/wp-content\/uploads\/2019\/02\/keynote-speaker-agency-logo-learning-health-sport-business-coaching.png","width":244,"height":80,"caption":"Keynote Speaker One"},"image":{"@id":"https:\/\/keynotespeaker.one\/#\/schema\/logo\/image\/"}},{"@type":"Person","@id":"https:\/\/keynotespeaker.one\/#\/schema\/person\/78ece012212d2cb68f477a30386f9eec","name":"L_kinski","image":{"@type":"ImageObject","inLanguage":"it-IT","@id":"https:\/\/keynotespeaker.one\/#\/schema\/person\/image\/","url":"https:\/\/secure.gravatar.com\/avatar\/3f5a5845ea3c42385b423a32838f2f34?s=96&d=mm&r=g","contentUrl":"https:\/\/secure.gravatar.com\/avatar\/3f5a5845ea3c42385b423a32838f2f34?s=96&d=mm&r=g","caption":"L_kinski"}}]}},"_links":{"self":[{"href":"https:\/\/keynotespeaker.one\/it\/wp-json\/wp\/v2\/posts\/2580"}],"collection":[{"href":"https:\/\/keynotespeaker.one\/it\/wp-json\/wp\/v2\/posts"}],"about":[{"href":"https:\/\/keynotespeaker.one\/it\/wp-json\/wp\/v2\/types\/post"}],"author":[{"embeddable":true,"href":"https:\/\/keynotespeaker.one\/it\/wp-json\/wp\/v2\/users\/1"}],"replies":[{"embeddable":true,"href":"https:\/\/keynotespeaker.one\/it\/wp-json\/wp\/v2\/comments?post=2580"}],"version-history":[{"count":0,"href":"https:\/\/keynotespeaker.one\/it\/wp-json\/wp\/v2\/posts\/2580\/revisions"}],"wp:featuredmedia":[{"embeddable":true,"href":"https:\/\/keynotespeaker.one\/it\/wp-json\/wp\/v2\/media\/1668"}],"wp:attachment":[{"href":"https:\/\/keynotespeaker.one\/it\/wp-json\/wp\/v2\/media?parent=2580"}],"wp:term":[{"taxonomy":"category","embeddable":true,"href":"https:\/\/keynotespeaker.one\/it\/wp-json\/wp\/v2\/categories?post=2580"},{"taxonomy":"post_tag","embeddable":true,"href":"https:\/\/keynotespeaker.one\/it\/wp-json\/wp\/v2\/tags?post=2580"}],"curies":[{"name":"wp","href":"https:\/\/api.w.org\/{rel}","templated":true}]}}