{"id":2316,"date":"2019-07-01T15:47:01","date_gmt":"2019-07-01T14:47:01","guid":{"rendered":"https:\/\/keynotespeaker.one\/altoparlante-per-lesercizio-il-fitness-e-gli-sport-competitivi\/"},"modified":"2021-06-18T10:09:58","modified_gmt":"2021-06-18T09:09:58","slug":"altoparlante-per-lesercizio-il-fitness-e-gli-sport-competitivi","status":"publish","type":"post","link":"https:\/\/keynotespeaker.one\/it\/altoparlante-per-lesercizio-il-fitness-e-gli-sport-competitivi\/","title":{"rendered":"Altoparlante per l&#8217;esercizio, il fitness e gli sport competitivi"},"content":{"rendered":"<p>Altoparlante per l&#8217;esercizio, il fitness e lo sport! Argomenti importanti per tutti, sia per i semplici impiegati che sono gi\u00e0 sportivi con qualche esercizio di stretching in ufficio, sia per gli atleti competitivi che guadagnano con esso.<\/p>\n<h2>Sport e fitness: relatore principale<\/h2>\n<p>I nostri relatori mostrano nelle loro presentazioni e conferenze come intere aziende e dipartimenti possono mettersi in forma con i loro dipendenti o approfondire argomenti specialistici, cos\u00ec come l&#8217;allenamento in altitudine per atleti competitivi, scalatori e ciclisti.<\/p>\n<h3>Prenota un oratore e un keynote speaker<\/h3>\n<p>Non vediamo l&#8217;ora di ricevere la vostra richiesta di progetto:<\/p>\n<ul>\n<li><hiddenlink href=\"https:\/\/it.keynotespeaker.one\/it\/kontakt\/\" data-type=\"page\" data-origin=\"de\" data-origin-url=\"https:\/\/keynotespeaker.one\/de\/kontakt\/\">ContattoContattare<\/hiddenlink><\/li>\n<\/ul>\n<h2>Altoparlante per impiegati, dirigenti e sport competitivi<\/h2>\n<p>Ci sono diverse aree in cui abbiamo la competenza dei nostri altoparlanti. Se stai cercando l&#8217;oratore perfetto per la tua formazione o per la prossima riunione dei dipendenti, contatta la nostra agenzia.<\/p>\n<p>La motivazione \u00e8 la chiave. Nello sport e nel fitness, ogni base inizia con la motivazione ad essere attivi. Se riuscite a riprogrammare la vostra mentalit\u00e0 in modo tale che l&#8217;attivit\u00e0 sportiva diventi parte integrante della vostra vita, non solo avrete successo con la vostra figura, la vostra soddisfazione e naturalmente le vostre prestazioni, tutta la vostra vita cambier\u00e0 attraverso questa nuova prospettiva. Ma come si pu\u00f2 imparare a portare nuova motivazione alla giornata? Con i nostri relatori imparerai in formazioni strutturate, formazioni avanzate e workshop come puoi ottimizzare la tua vita.<\/p>\n<h2>Prenota un altoparlante per lo sport e il fitness<\/h2>\n<p>Vuoi un oratore forte per il tuo evento? La nostra agenzia di oratori vi aiuter\u00e0 nella selezione dell&#8217;oratore, nella comunicazione e in tutti i processi organizzativi. Basta chiamarci o scriverci i dati pi\u00f9 importanti via e-mail. Il nostro team ti risponder\u00e0 il prima possibile.<\/p>\n<ul>\n<li><hiddenlink href=\"https:\/\/it.keynotespeaker.one\/it\/kontakt\/\" data-type=\"page\" data-origin=\"de\" data-origin-url=\"https:\/\/keynotespeaker.one\/de\/kontakt\/\">ContattoContattare<\/hiddenlink><\/li>\n<\/ul>\n<h3>Argomenti<\/h3>\n<ul>\n<li><a href=\"https:\/\/keynotespeaker.one\/de\/erholung-work-life-balance\/\" data-type=\"post\" data-origin=\"de\" data-origin-url=\"\/?p=69\" data-id=\"2283\">Ricreazione \/ Equilibrio vita-lavoro<\/a><\/li>\n<li><a href=\"https:\/\/keynotespeaker.one\/de\/fuehrungskraefte\/\" data-type=\"post\" data-origin=\"de\" data-origin-url=\"\/?p=82\" data-id=\"2322\">ManagersManagersManagersManagers<\/a><\/li>\n<li><a href=\"https:\/\/keynotespeaker.one\/de\/emotionale-intelligenz\/\" data-type=\"post\" data-origin=\"de\" data-origin-url=\"\/?p=70\" data-id=\"2286\">Intelligenza emotiva<\/a><\/li>\n<li><a href=\"https:\/\/keynotespeaker.one\/de\/gesundheit\/\" data-type=\"post\" data-origin=\"de\" data-origin-url=\"\/?p=71\" data-id=\"2289\">Salute<\/a><\/li>\n<li><a href=\"https:\/\/keynotespeaker.one\/de\/innovation\/\" data-type=\"post\" data-origin=\"de\" data-origin-url=\"\/?p=72\" data-id=\"2292\">Innovazione<\/a><\/li>\n<li><a href=\"https:\/\/keynotespeaker.one\/de\/kundenservice\/\" data-type=\"post\" data-origin=\"de\" data-origin-url=\"\/?p=73\" data-id=\"2295\">Servizio clienti<\/a><\/li>\n<li><a href=\"https:\/\/keynotespeaker.one\/de\/marketing-verkauf\/\" data-type=\"post\" data-origin=\"de\" data-origin-url=\"\/?p=74\" data-id=\"2298\">Marketing \/ Vendite<\/a><\/li>\n<li><a href=\"https:\/\/keynotespeaker.one\/de\/motivation\/\" data-type=\"post\" data-origin=\"de\" data-origin-url=\"\/?p=75\" data-id=\"2301\">Motivazione<\/a><\/li>\n<li><a href=\"https:\/\/keynotespeaker.one\/de\/personal\/\" data-type=\"post\" data-origin=\"de\" data-origin-url=\"\/?p=76\" data-id=\"2304\">Personale<\/a><\/li>\n<li><a href=\"https:\/\/keynotespeaker.one\/de\/persoenlichkeit-erfolg\/\" data-type=\"post\" data-origin=\"de\" data-origin-url=\"\/?p=77\" data-id=\"2307\">Personalit\u00e0 \/ Successo<\/a><\/li>\n<li><a href=\"https:\/\/keynotespeaker.one\/de\/politik\/\" data-type=\"post\" data-origin=\"de\" data-origin-url=\"\/?p=78\" data-id=\"2310\">Politica<\/a><\/li>\n<li><a href=\"https:\/\/keynotespeaker.one\/de\/prominente\/\" data-type=\"post\" data-origin=\"de\" data-origin-url=\"\/?p=79\" data-id=\"2313\"><\/a><\/li>\n<li><a href=\"https:\/\/keynotespeaker.one\/de\/sport-fitness\/\" data-type=\"post\" data-origin=\"de\" data-origin-url=\"\/?p=80\" data-id=\"2316\">Sport \/ FitnessSport \/ FitnessSport \/ FitnessSport \/ Fitness<\/a><\/li>\n<li><a href=\"https:\/\/keynotespeaker.one\/de\/teambildung\/\" data-type=\"post\" data-origin=\"de\" data-origin-url=\"\/?p=81\" data-id=\"2319\">Costruzione della squadraCostruzione della squadraCostruzione della squadraCostruzione della squadra<\/a><\/li>\n<li><a href=\"https:\/\/keynotespeaker.one\/de\/technologie\/\" data-type=\"post\" data-origin=\"de\" data-origin-url=\"\/?p=83\" data-id=\"2325\">TecnologiaTecnologiaTecnologiaTecnologia<\/a><\/li>\n<li><a href=\"https:\/\/keynotespeaker.one\/de\/universitaet\/\" data-type=\"post\" data-origin=\"de\" data-origin-url=\"\/?p=99\" data-id=\"2328\">Universit\u00e0Universit\u00e0Universit\u00e0Universit\u00e0<\/a><\/li>\n<li><a href=\"https:\/\/keynotespeaker.one\/de\/wirtschaft\/\" data-type=\"post\" data-origin=\"de\" data-origin-url=\"\/?p=100\" data-id=\"2331\">EconomiaEconomiaEconomiaEconomia<\/a><\/li>\n<\/ul>\n","protected":false},"excerpt":{"rendered":"<p>Altoparlante per l&#8217;esercizio, il fitness e lo sport! Argomenti importanti per tutti, sia per i semplici impiegati che sono gi\u00e0 sportivi con qualche esercizio di stretching in ufficio, sia per gli atleti competitivi che guadagnano con esso. Sport e fitness: relatore principale I nostri relatori mostrano nelle loro presentazioni e conferenze come intere aziende e [&hellip;]<\/p>\n","protected":false},"author":2,"featured_media":1297,"comment_status":"closed","ping_status":"closed","sticky":false,"template":"","format":"standard","meta":[],"categories":[1,992,1665],"tags":[1018,1015,1020,1017,1012,1014,1163,1016,1215],"yoast_head":"<!-- This site is optimized with the Yoast SEO plugin v21.8.1 - https:\/\/yoast.com\/wordpress\/plugins\/seo\/ -->\n<title>Altoparlante per l&#039;esercizio, il fitness e gli sport competitivi - KY | Keynote Speaker Agency<\/title>\n<meta name=\"robots\" content=\"index, follow, max-snippet:-1, max-image-preview:large, max-video-preview:-1\" \/>\n<link rel=\"canonical\" href=\"https:\/\/keynotespeaker.one\/it\/altoparlante-per-lesercizio-il-fitness-e-gli-sport-competitivi\/\" \/>\n<meta property=\"og:locale\" content=\"it_IT\" \/>\n<meta property=\"og:type\" content=\"article\" \/>\n<meta property=\"og:title\" content=\"Altoparlante per l&#039;esercizio, il fitness e gli sport competitivi - KY | Keynote Speaker Agency\" \/>\n<meta property=\"og:description\" content=\"Altoparlante per l&#8217;esercizio, il fitness e lo sport! Argomenti importanti per tutti, sia per i semplici impiegati che sono gi\u00e0 sportivi con qualche esercizio di stretching in ufficio, sia per gli atleti competitivi che guadagnano con esso. Sport e fitness: relatore principale I nostri relatori mostrano nelle loro presentazioni e conferenze come intere aziende e [&hellip;]\" \/>\n<meta property=\"og:url\" content=\"https:\/\/keynotespeaker.one\/it\/altoparlante-per-lesercizio-il-fitness-e-gli-sport-competitivi\/\" \/>\n<meta property=\"og:site_name\" content=\"KY | Keynote Speaker Agency\" \/>\n<meta property=\"article:published_time\" content=\"2019-07-01T14:47:01+00:00\" \/>\n<meta property=\"article:modified_time\" content=\"2021-06-18T09:09:58+00:00\" \/>\n<meta property=\"og:image\" content=\"https:\/\/keynotespeaker.one\/wp-content\/uploads\/2017\/04\/speaker-redner-leistungssport-sport-bewegung-fitness-firma-mitarbeiter-profi-vortrag-gesundheit.jpg\" \/>\n\t<meta property=\"og:image:width\" content=\"1200\" \/>\n\t<meta property=\"og:image:height\" content=\"700\" \/>\n\t<meta property=\"og:image:type\" content=\"image\/jpeg\" \/>\n<meta name=\"author\" content=\"Stephan Czaja\" \/>\n<meta name=\"twitter:card\" content=\"summary_large_image\" \/>\n<script type=\"application\/ld+json\" class=\"yoast-schema-graph\">{\"@context\":\"https:\/\/schema.org\",\"@graph\":[{\"@type\":\"Article\",\"@id\":\"https:\/\/keynotespeaker.one\/it\/altoparlante-per-lesercizio-il-fitness-e-gli-sport-competitivi\/#article\",\"isPartOf\":{\"@id\":\"https:\/\/keynotespeaker.one\/it\/altoparlante-per-lesercizio-il-fitness-e-gli-sport-competitivi\/\"},\"author\":{\"name\":\"Stephan Czaja\",\"@id\":\"https:\/\/keynotespeaker.one\/#\/schema\/person\/a87519de701e94e1605597cc30782b6b\"},\"headline\":\"Altoparlante per l&#8217;esercizio, il fitness e gli sport competitivi\",\"datePublished\":\"2019-07-01T14:47:01+00:00\",\"dateModified\":\"2021-06-18T09:09:58+00:00\",\"mainEntityOfPage\":{\"@id\":\"https:\/\/keynotespeaker.one\/it\/altoparlante-per-lesercizio-il-fitness-e-gli-sport-competitivi\/\"},\"wordCount\":328,\"publisher\":{\"@id\":\"https:\/\/keynotespeaker.one\/#organization\"},\"keywords\":[\"Altoparlante\",\"Azienda\",\"Conferenza\",\"Congresso\",\"Consulente\",\"Esperti\",\"forza mentale\",\"oratore principale\",\"Spostare\"],\"articleSection\":[\"News\",\"Notizie\",\"Sport e fitness\"],\"inLanguage\":\"it-IT\"},{\"@type\":\"WebPage\",\"@id\":\"https:\/\/keynotespeaker.one\/it\/altoparlante-per-lesercizio-il-fitness-e-gli-sport-competitivi\/\",\"url\":\"https:\/\/keynotespeaker.one\/it\/altoparlante-per-lesercizio-il-fitness-e-gli-sport-competitivi\/\",\"name\":\"Altoparlante per l'esercizio, il fitness e gli sport competitivi - KY | Keynote Speaker Agency\",\"isPartOf\":{\"@id\":\"https:\/\/keynotespeaker.one\/#website\"},\"datePublished\":\"2019-07-01T14:47:01+00:00\",\"dateModified\":\"2021-06-18T09:09:58+00:00\",\"breadcrumb\":{\"@id\":\"https:\/\/keynotespeaker.one\/it\/altoparlante-per-lesercizio-il-fitness-e-gli-sport-competitivi\/#breadcrumb\"},\"inLanguage\":\"it-IT\",\"potentialAction\":[{\"@type\":\"ReadAction\",\"target\":[\"https:\/\/keynotespeaker.one\/it\/altoparlante-per-lesercizio-il-fitness-e-gli-sport-competitivi\/\"]}]},{\"@type\":\"BreadcrumbList\",\"@id\":\"https:\/\/keynotespeaker.one\/it\/altoparlante-per-lesercizio-il-fitness-e-gli-sport-competitivi\/#breadcrumb\",\"itemListElement\":[{\"@type\":\"ListItem\",\"position\":1,\"name\":\"Home\",\"item\":\"https:\/\/keynotespeaker.one\/de\/start\/\"},{\"@type\":\"ListItem\",\"position\":2,\"name\":\"Altoparlante per l&#8217;esercizio, il fitness e gli sport competitivi\"}]},{\"@type\":\"WebSite\",\"@id\":\"https:\/\/keynotespeaker.one\/#website\",\"url\":\"https:\/\/keynotespeaker.one\/\",\"name\":\"KY | Keynote Speaker Agency\",\"description\":\"\",\"publisher\":{\"@id\":\"https:\/\/keynotespeaker.one\/#organization\"},\"potentialAction\":[{\"@type\":\"SearchAction\",\"target\":{\"@type\":\"EntryPoint\",\"urlTemplate\":\"https:\/\/keynotespeaker.one\/?s={search_term_string}\"},\"query-input\":\"required name=search_term_string\"}],\"inLanguage\":\"it-IT\"},{\"@type\":\"Organization\",\"@id\":\"https:\/\/keynotespeaker.one\/#organization\",\"name\":\"Keynote Speaker One\",\"url\":\"https:\/\/keynotespeaker.one\/\",\"logo\":{\"@type\":\"ImageObject\",\"inLanguage\":\"it-IT\",\"@id\":\"https:\/\/keynotespeaker.one\/#\/schema\/logo\/image\/\",\"url\":\"https:\/\/keynotespeaker.one\/wp-content\/uploads\/2019\/02\/keynote-speaker-agency-logo-learning-health-sport-business-coaching.png\",\"contentUrl\":\"https:\/\/keynotespeaker.one\/wp-content\/uploads\/2019\/02\/keynote-speaker-agency-logo-learning-health-sport-business-coaching.png\",\"width\":244,\"height\":80,\"caption\":\"Keynote Speaker One\"},\"image\":{\"@id\":\"https:\/\/keynotespeaker.one\/#\/schema\/logo\/image\/\"}},{\"@type\":\"Person\",\"@id\":\"https:\/\/keynotespeaker.one\/#\/schema\/person\/a87519de701e94e1605597cc30782b6b\",\"name\":\"Stephan Czaja\",\"image\":{\"@type\":\"ImageObject\",\"inLanguage\":\"it-IT\",\"@id\":\"https:\/\/keynotespeaker.one\/#\/schema\/person\/image\/\",\"url\":\"https:\/\/secure.gravatar.com\/avatar\/c7fcf86416e4bf49c7b4bcc65064ff1a?s=96&d=mm&r=g\",\"contentUrl\":\"https:\/\/secure.gravatar.com\/avatar\/c7fcf86416e4bf49c7b4bcc65064ff1a?s=96&d=mm&r=g\",\"caption\":\"Stephan Czaja\"}}]}<\/script>\n<!-- \/ Yoast SEO plugin. -->","yoast_head_json":{"title":"Altoparlante per l'esercizio, il fitness e gli sport competitivi - KY | Keynote Speaker Agency","robots":{"index":"index","follow":"follow","max-snippet":"max-snippet:-1","max-image-preview":"max-image-preview:large","max-video-preview":"max-video-preview:-1"},"canonical":"https:\/\/keynotespeaker.one\/it\/altoparlante-per-lesercizio-il-fitness-e-gli-sport-competitivi\/","og_locale":"it_IT","og_type":"article","og_title":"Altoparlante per l'esercizio, il fitness e gli sport competitivi - KY | Keynote Speaker Agency","og_description":"Altoparlante per l&#8217;esercizio, il fitness e lo sport! Argomenti importanti per tutti, sia per i semplici impiegati che sono gi\u00e0 sportivi con qualche esercizio di stretching in ufficio, sia per gli atleti competitivi che guadagnano con esso. Sport e fitness: relatore principale I nostri relatori mostrano nelle loro presentazioni e conferenze come intere aziende e [&hellip;]","og_url":"https:\/\/keynotespeaker.one\/it\/altoparlante-per-lesercizio-il-fitness-e-gli-sport-competitivi\/","og_site_name":"KY | Keynote Speaker Agency","article_published_time":"2019-07-01T14:47:01+00:00","article_modified_time":"2021-06-18T09:09:58+00:00","og_image":[{"width":1200,"height":700,"url":"https:\/\/keynotespeaker.one\/wp-content\/uploads\/2017\/04\/speaker-redner-leistungssport-sport-bewegung-fitness-firma-mitarbeiter-profi-vortrag-gesundheit.jpg","type":"image\/jpeg"}],"author":"Stephan Czaja","twitter_card":"summary_large_image","schema":{"@context":"https:\/\/schema.org","@graph":[{"@type":"Article","@id":"https:\/\/keynotespeaker.one\/it\/altoparlante-per-lesercizio-il-fitness-e-gli-sport-competitivi\/#article","isPartOf":{"@id":"https:\/\/keynotespeaker.one\/it\/altoparlante-per-lesercizio-il-fitness-e-gli-sport-competitivi\/"},"author":{"name":"Stephan Czaja","@id":"https:\/\/keynotespeaker.one\/#\/schema\/person\/a87519de701e94e1605597cc30782b6b"},"headline":"Altoparlante per l&#8217;esercizio, il fitness e gli sport competitivi","datePublished":"2019-07-01T14:47:01+00:00","dateModified":"2021-06-18T09:09:58+00:00","mainEntityOfPage":{"@id":"https:\/\/keynotespeaker.one\/it\/altoparlante-per-lesercizio-il-fitness-e-gli-sport-competitivi\/"},"wordCount":328,"publisher":{"@id":"https:\/\/keynotespeaker.one\/#organization"},"keywords":["Altoparlante","Azienda","Conferenza","Congresso","Consulente","Esperti","forza mentale","oratore principale","Spostare"],"articleSection":["News","Notizie","Sport e fitness"],"inLanguage":"it-IT"},{"@type":"WebPage","@id":"https:\/\/keynotespeaker.one\/it\/altoparlante-per-lesercizio-il-fitness-e-gli-sport-competitivi\/","url":"https:\/\/keynotespeaker.one\/it\/altoparlante-per-lesercizio-il-fitness-e-gli-sport-competitivi\/","name":"Altoparlante per l'esercizio, il fitness e gli sport competitivi - KY | Keynote Speaker Agency","isPartOf":{"@id":"https:\/\/keynotespeaker.one\/#website"},"datePublished":"2019-07-01T14:47:01+00:00","dateModified":"2021-06-18T09:09:58+00:00","breadcrumb":{"@id":"https:\/\/keynotespeaker.one\/it\/altoparlante-per-lesercizio-il-fitness-e-gli-sport-competitivi\/#breadcrumb"},"inLanguage":"it-IT","potentialAction":[{"@type":"ReadAction","target":["https:\/\/keynotespeaker.one\/it\/altoparlante-per-lesercizio-il-fitness-e-gli-sport-competitivi\/"]}]},{"@type":"BreadcrumbList","@id":"https:\/\/keynotespeaker.one\/it\/altoparlante-per-lesercizio-il-fitness-e-gli-sport-competitivi\/#breadcrumb","itemListElement":[{"@type":"ListItem","position":1,"name":"Home","item":"https:\/\/keynotespeaker.one\/de\/start\/"},{"@type":"ListItem","position":2,"name":"Altoparlante per l&#8217;esercizio, il fitness e gli sport competitivi"}]},{"@type":"WebSite","@id":"https:\/\/keynotespeaker.one\/#website","url":"https:\/\/keynotespeaker.one\/","name":"KY | Keynote Speaker Agency","description":"","publisher":{"@id":"https:\/\/keynotespeaker.one\/#organization"},"potentialAction":[{"@type":"SearchAction","target":{"@type":"EntryPoint","urlTemplate":"https:\/\/keynotespeaker.one\/?s={search_term_string}"},"query-input":"required name=search_term_string"}],"inLanguage":"it-IT"},{"@type":"Organization","@id":"https:\/\/keynotespeaker.one\/#organization","name":"Keynote Speaker One","url":"https:\/\/keynotespeaker.one\/","logo":{"@type":"ImageObject","inLanguage":"it-IT","@id":"https:\/\/keynotespeaker.one\/#\/schema\/logo\/image\/","url":"https:\/\/keynotespeaker.one\/wp-content\/uploads\/2019\/02\/keynote-speaker-agency-logo-learning-health-sport-business-coaching.png","contentUrl":"https:\/\/keynotespeaker.one\/wp-content\/uploads\/2019\/02\/keynote-speaker-agency-logo-learning-health-sport-business-coaching.png","width":244,"height":80,"caption":"Keynote Speaker One"},"image":{"@id":"https:\/\/keynotespeaker.one\/#\/schema\/logo\/image\/"}},{"@type":"Person","@id":"https:\/\/keynotespeaker.one\/#\/schema\/person\/a87519de701e94e1605597cc30782b6b","name":"Stephan Czaja","image":{"@type":"ImageObject","inLanguage":"it-IT","@id":"https:\/\/keynotespeaker.one\/#\/schema\/person\/image\/","url":"https:\/\/secure.gravatar.com\/avatar\/c7fcf86416e4bf49c7b4bcc65064ff1a?s=96&d=mm&r=g","contentUrl":"https:\/\/secure.gravatar.com\/avatar\/c7fcf86416e4bf49c7b4bcc65064ff1a?s=96&d=mm&r=g","caption":"Stephan Czaja"}}]}},"_links":{"self":[{"href":"https:\/\/keynotespeaker.one\/it\/wp-json\/wp\/v2\/posts\/2316"}],"collection":[{"href":"https:\/\/keynotespeaker.one\/it\/wp-json\/wp\/v2\/posts"}],"about":[{"href":"https:\/\/keynotespeaker.one\/it\/wp-json\/wp\/v2\/types\/post"}],"author":[{"embeddable":true,"href":"https:\/\/keynotespeaker.one\/it\/wp-json\/wp\/v2\/users\/2"}],"replies":[{"embeddable":true,"href":"https:\/\/keynotespeaker.one\/it\/wp-json\/wp\/v2\/comments?post=2316"}],"version-history":[{"count":0,"href":"https:\/\/keynotespeaker.one\/it\/wp-json\/wp\/v2\/posts\/2316\/revisions"}],"wp:featuredmedia":[{"embeddable":true,"href":"https:\/\/keynotespeaker.one\/it\/wp-json\/wp\/v2\/media\/1297"}],"wp:attachment":[{"href":"https:\/\/keynotespeaker.one\/it\/wp-json\/wp\/v2\/media?parent=2316"}],"wp:term":[{"taxonomy":"category","embeddable":true,"href":"https:\/\/keynotespeaker.one\/it\/wp-json\/wp\/v2\/categories?post=2316"},{"taxonomy":"post_tag","embeddable":true,"href":"https:\/\/keynotespeaker.one\/it\/wp-json\/wp\/v2\/tags?post=2316"}],"curies":[{"name":"wp","href":"https:\/\/api.w.org\/{rel}","templated":true}]}}