{"id":2326,"date":"2019-07-03T15:47:28","date_gmt":"2019-07-03T14:47:28","guid":{"rendered":"https:\/\/keynotespeaker.one\/ponente-de-tecnologia-que-nos-depara-el-futuro-el-presente-y-las-tendencias-del-manana\/"},"modified":"2021-06-18T10:10:05","modified_gmt":"2021-06-18T09:10:05","slug":"ponente-de-tecnologia-que-nos-depara-el-futuro-el-presente-y-las-tendencias-del-manana","status":"publish","type":"post","link":"https:\/\/keynotespeaker.one\/es\/ponente-de-tecnologia-que-nos-depara-el-futuro-el-presente-y-las-tendencias-del-manana\/","title":{"rendered":"Ponente de tecnolog\u00eda: \u00bfQu\u00e9 nos depara el futuro? El presente y las tendencias del ma\u00f1ana"},"content":{"rendered":"<p>Las tecnolog\u00edas dominan nuestra vida cotidiana y la transformaci\u00f3n digital tambi\u00e9n se ha abierto paso en todos los \u00e1mbitos de la vida social y econ\u00f3mica. Incluso la pol\u00edtica est\u00e1 tomada con la transformaci\u00f3n digital. El presidente de Estados Unidos, Donald J. Trump, hace casi todas sus declaraciones pol\u00edticas a trav\u00e9s de las redes sociales, preferentemente de Twitter. Gran parte de la formaci\u00f3n de la opini\u00f3n tiene lugar ahora a nivel mundial dentro de Internet. Las redes sociales, las plataformas en l\u00ednea y los blogs son los procesos de formaci\u00f3n de opini\u00f3n del futuro.<\/p>\n<h2>Transformaci\u00f3n digital e industria 4.0<\/h2>\n<p>Del mismo modo, la Industria 4.0 en pa\u00edses econ\u00f3micamente desarrollados como Alemania, Estados Unidos y otros ha demostrado c\u00f3mo la tecnolog\u00eda sigue teniendo un impacto duradero en nuestras vidas hoy en d\u00eda, incluso mucho m\u00e1s que en el pasado. Sin embargo, la tecnolog\u00eda siempre ha desempe\u00f1ado un papel fundamental en la humanidad, desde las primeras invenciones de herramientas sencillas, pasando por la industrializaci\u00f3n en el Reino Unido y la era industrial actual. Nuestros ponentes le dar\u00e1n una amplia visi\u00f3n de conjunto o entrar\u00e1n en los detalles de la digitalizaci\u00f3n. Como agencia de conferenciantes, organizamos ponencias con absoluta experiencia y conocimientos en sus campos tecnol\u00f3gicos. Ya sea la Industria 4.0, la transformaci\u00f3n digital o los cambios en los canales de distribuci\u00f3n a trav\u00e9s del marketing online y el comercio electr\u00f3nico.<\/p>\n<h3>Reservar orador y conferenciante<\/h3>\n<p>Esperamos su consulta sobre el proyecto:<\/p>\n<ul>\n<li><hiddenlink href=\"https:\/\/es.keynotespeaker.one\/es\/kontakt\/\" data-type=\"page\" data-origin=\"de\" data-origin-url=\"https:\/\/keynotespeaker.one\/de\/kontakt\/\">ContactoContactar con<\/hiddenlink><\/li>\n<\/ul>\n<h3>Temas<\/h3>\n<ul>\n<li><a href=\"https:\/\/keynotespeaker.one\/de\/erholung-work-life-balance\/\" data-type=\"post\" data-origin=\"de\" data-origin-url=\"\/?p=69\" data-id=\"2284\">Recreaci\u00f3n \/ Equilibrio entre vida y trabajo<\/a><\/li>\n<li><a href=\"https:\/\/keynotespeaker.one\/de\/fuehrungskraefte\/\" data-type=\"post\" data-origin=\"de\" data-origin-url=\"\/?p=82\" data-id=\"2323\">Ejecutivos<\/a><\/li>\n<li><a href=\"https:\/\/keynotespeaker.one\/de\/emotionale-intelligenz\/\" data-type=\"post\" data-origin=\"de\" data-origin-url=\"\/?p=70\" data-id=\"2287\">Inteligencia emocional<\/a><\/li>\n<li><a href=\"https:\/\/keynotespeaker.one\/de\/gesundheit\/\" data-type=\"post\" data-origin=\"de\" data-origin-url=\"\/?p=71\" data-id=\"2290\">Salud<\/a><\/li>\n<li><a href=\"https:\/\/keynotespeaker.one\/de\/innovation\/\" data-type=\"post\" data-origin=\"de\" data-origin-url=\"\/?p=72\" data-id=\"2293\">Innovaci\u00f3n<\/a><\/li>\n<li><a href=\"https:\/\/keynotespeaker.one\/de\/kundenservice\/\" data-type=\"post\" data-origin=\"de\" data-origin-url=\"\/?p=73\" data-id=\"2296\">Servicio de atenci\u00f3n al cliente<\/a><\/li>\n<li><a href=\"https:\/\/keynotespeaker.one\/de\/marketing-verkauf\/\" data-type=\"post\" data-origin=\"de\" data-origin-url=\"\/?p=74\" data-id=\"2299\">Marketing \/ Ventas<\/a><\/li>\n<li><a href=\"https:\/\/keynotespeaker.one\/de\/motivation\/\" data-type=\"post\" data-origin=\"de\" data-origin-url=\"\/?p=75\" data-id=\"2302\">Motivaci\u00f3n<\/a><\/li>\n<li><a href=\"https:\/\/keynotespeaker.one\/de\/personal\/\" data-type=\"post\" data-origin=\"de\" data-origin-url=\"\/?p=76\" data-id=\"2305\">Personal<\/a><\/li>\n<li><a href=\"https:\/\/keynotespeaker.one\/de\/persoenlichkeit-erfolg\/\" data-type=\"post\" data-origin=\"de\" data-origin-url=\"\/?p=77\" data-id=\"2308\">Personalidad \/ \u00c9xito<\/a><\/li>\n<li><a href=\"https:\/\/keynotespeaker.one\/de\/politik\/\" data-type=\"post\" data-origin=\"de\" data-origin-url=\"\/?p=78\" data-id=\"2311\">Pol\u00edtica<\/a><\/li>\n<li><a href=\"https:\/\/keynotespeaker.one\/de\/prominente\/\" data-type=\"post\" data-origin=\"de\" data-origin-url=\"\/?p=79\" data-id=\"2314\">Destacado<\/a><\/li>\n<li><a href=\"https:\/\/keynotespeaker.one\/de\/sport-fitness\/\" data-type=\"post\" data-origin=\"de\" data-origin-url=\"\/?p=80\" data-id=\"2317\">Deportes \/ Fitness<\/a><\/li>\n<li><a href=\"https:\/\/keynotespeaker.one\/de\/teambildung\/\" data-type=\"post\" data-origin=\"de\" data-origin-url=\"\/?p=81\" data-id=\"2320\">Creaci\u00f3n de equipos<\/a><\/li>\n<li><a href=\"https:\/\/keynotespeaker.one\/de\/technologie\/\" data-type=\"post\" data-origin=\"de\" data-origin-url=\"\/?p=83\" data-id=\"2326\">Tecnolog\u00edaTecnolog\u00edaTecnolog\u00edaTecnolog\u00eda<\/a><\/li>\n<li><a href=\"https:\/\/keynotespeaker.one\/de\/universitaet\/\" data-type=\"post\" data-origin=\"de\" data-origin-url=\"\/?p=99\" data-id=\"2329\">UniversidadUniversidadUniversidadUniversidad<\/a><\/li>\n<li><a href=\"https:\/\/keynotespeaker.one\/de\/wirtschaft\/\" data-type=\"post\" data-origin=\"de\" data-origin-url=\"\/?p=100\" data-id=\"2332\">Econom\u00edaEconom\u00edaEconom\u00edaEconom\u00eda<\/a><\/li>\n<\/ul>\n","protected":false},"excerpt":{"rendered":"<p>Las tecnolog\u00edas dominan nuestra vida cotidiana y la transformaci\u00f3n digital tambi\u00e9n se ha abierto paso en todos los \u00e1mbitos de la vida social y econ\u00f3mica. Incluso la pol\u00edtica est\u00e1 tomada con la transformaci\u00f3n digital. El presidente de Estados Unidos, Donald J. Trump, hace casi todas sus declaraciones pol\u00edticas a trav\u00e9s de las redes sociales, preferentemente [&hellip;]<\/p>\n","protected":false},"author":2,"featured_media":1302,"comment_status":"closed","ping_status":"closed","sticky":false,"template":"","format":"standard","meta":[],"categories":[1,993,1710],"tags":[1029,1023,1031,1028,1026,1025,1254,1027,1257,1258],"yoast_head":"<!-- This site is optimized with the Yoast SEO plugin v21.8.1 - https:\/\/yoast.com\/wordpress\/plugins\/seo\/ -->\n<title>Ponente de tecnolog\u00eda: \u00bfQu\u00e9 nos depara el futuro? El presente y las tendencias del ma\u00f1ana - KY | Keynote Speaker Agency<\/title>\n<meta name=\"robots\" content=\"index, follow, max-snippet:-1, max-image-preview:large, max-video-preview:-1\" \/>\n<link rel=\"canonical\" href=\"https:\/\/keynotespeaker.one\/es\/ponente-de-tecnologia-que-nos-depara-el-futuro-el-presente-y-las-tendencias-del-manana\/\" \/>\n<meta property=\"og:locale\" content=\"es_ES\" \/>\n<meta property=\"og:type\" content=\"article\" \/>\n<meta property=\"og:title\" content=\"Ponente de tecnolog\u00eda: \u00bfQu\u00e9 nos depara el futuro? El presente y las tendencias del ma\u00f1ana - KY | Keynote Speaker Agency\" \/>\n<meta property=\"og:description\" content=\"Las tecnolog\u00edas dominan nuestra vida cotidiana y la transformaci\u00f3n digital tambi\u00e9n se ha abierto paso en todos los \u00e1mbitos de la vida social y econ\u00f3mica. Incluso la pol\u00edtica est\u00e1 tomada con la transformaci\u00f3n digital. El presidente de Estados Unidos, Donald J. Trump, hace casi todas sus declaraciones pol\u00edticas a trav\u00e9s de las redes sociales, preferentemente [&hellip;]\" \/>\n<meta property=\"og:url\" content=\"https:\/\/keynotespeaker.one\/es\/ponente-de-tecnologia-que-nos-depara-el-futuro-el-presente-y-las-tendencias-del-manana\/\" \/>\n<meta property=\"og:site_name\" content=\"KY | Keynote Speaker Agency\" \/>\n<meta property=\"article:published_time\" content=\"2019-07-03T14:47:28+00:00\" \/>\n<meta property=\"article:modified_time\" content=\"2021-06-18T09:10:05+00:00\" \/>\n<meta property=\"og:image\" content=\"https:\/\/keynotespeaker.one\/wp-content\/uploads\/2017\/04\/technologie-speaker-trends-morgen-zukunft-industrie-digitale-transformation.jpg\" \/>\n\t<meta property=\"og:image:width\" content=\"1200\" \/>\n\t<meta property=\"og:image:height\" content=\"700\" \/>\n\t<meta property=\"og:image:type\" content=\"image\/jpeg\" \/>\n<meta name=\"author\" content=\"Stephan Czaja\" \/>\n<meta name=\"twitter:card\" content=\"summary_large_image\" \/>\n<script type=\"application\/ld+json\" class=\"yoast-schema-graph\">{\"@context\":\"https:\/\/schema.org\",\"@graph\":[{\"@type\":\"Article\",\"@id\":\"https:\/\/keynotespeaker.one\/es\/ponente-de-tecnologia-que-nos-depara-el-futuro-el-presente-y-las-tendencias-del-manana\/#article\",\"isPartOf\":{\"@id\":\"https:\/\/keynotespeaker.one\/es\/ponente-de-tecnologia-que-nos-depara-el-futuro-el-presente-y-las-tendencias-del-manana\/\"},\"author\":{\"name\":\"Stephan Czaja\",\"@id\":\"https:\/\/keynotespeaker.one\/#\/schema\/person\/a87519de701e94e1605597cc30782b6b\"},\"headline\":\"Ponente de tecnolog\u00eda: \u00bfQu\u00e9 nos depara el futuro? El presente y las tendencias del ma\u00f1ana\",\"datePublished\":\"2019-07-03T14:47:28+00:00\",\"dateModified\":\"2021-06-18T09:10:05+00:00\",\"mainEntityOfPage\":{\"@id\":\"https:\/\/keynotespeaker.one\/es\/ponente-de-tecnologia-que-nos-depara-el-futuro-el-presente-y-las-tendencias-del-manana\/\"},\"wordCount\":332,\"publisher\":{\"@id\":\"https:\/\/keynotespeaker.one\/#organization\"},\"keywords\":[\"Altavoz\",\"Asesor\",\"Conferencia\",\"Congreso\",\"Empresa\",\"Expertos\",\"Industria 4.0\",\"orador principal\",\"Tecnologia\",\"transformaci\u00f3n digital\"],\"articleSection\":[\"News\",\"Noticias\",\"Tecnolog\u00eda\"],\"inLanguage\":\"es\"},{\"@type\":\"WebPage\",\"@id\":\"https:\/\/keynotespeaker.one\/es\/ponente-de-tecnologia-que-nos-depara-el-futuro-el-presente-y-las-tendencias-del-manana\/\",\"url\":\"https:\/\/keynotespeaker.one\/es\/ponente-de-tecnologia-que-nos-depara-el-futuro-el-presente-y-las-tendencias-del-manana\/\",\"name\":\"Ponente de tecnolog\u00eda: \u00bfQu\u00e9 nos depara el futuro? El presente y las tendencias del ma\u00f1ana - KY | Keynote Speaker Agency\",\"isPartOf\":{\"@id\":\"https:\/\/keynotespeaker.one\/#website\"},\"datePublished\":\"2019-07-03T14:47:28+00:00\",\"dateModified\":\"2021-06-18T09:10:05+00:00\",\"breadcrumb\":{\"@id\":\"https:\/\/keynotespeaker.one\/es\/ponente-de-tecnologia-que-nos-depara-el-futuro-el-presente-y-las-tendencias-del-manana\/#breadcrumb\"},\"inLanguage\":\"es\",\"potentialAction\":[{\"@type\":\"ReadAction\",\"target\":[\"https:\/\/keynotespeaker.one\/es\/ponente-de-tecnologia-que-nos-depara-el-futuro-el-presente-y-las-tendencias-del-manana\/\"]}]},{\"@type\":\"BreadcrumbList\",\"@id\":\"https:\/\/keynotespeaker.one\/es\/ponente-de-tecnologia-que-nos-depara-el-futuro-el-presente-y-las-tendencias-del-manana\/#breadcrumb\",\"itemListElement\":[{\"@type\":\"ListItem\",\"position\":1,\"name\":\"Home\",\"item\":\"https:\/\/keynotespeaker.one\/de\/start\/\"},{\"@type\":\"ListItem\",\"position\":2,\"name\":\"Ponente de tecnolog\u00eda: \u00bfQu\u00e9 nos depara el futuro? El presente y las tendencias del ma\u00f1ana\"}]},{\"@type\":\"WebSite\",\"@id\":\"https:\/\/keynotespeaker.one\/#website\",\"url\":\"https:\/\/keynotespeaker.one\/\",\"name\":\"KY | Keynote Speaker Agency\",\"description\":\"\",\"publisher\":{\"@id\":\"https:\/\/keynotespeaker.one\/#organization\"},\"potentialAction\":[{\"@type\":\"SearchAction\",\"target\":{\"@type\":\"EntryPoint\",\"urlTemplate\":\"https:\/\/keynotespeaker.one\/?s={search_term_string}\"},\"query-input\":\"required name=search_term_string\"}],\"inLanguage\":\"es\"},{\"@type\":\"Organization\",\"@id\":\"https:\/\/keynotespeaker.one\/#organization\",\"name\":\"Keynote Speaker One\",\"url\":\"https:\/\/keynotespeaker.one\/\",\"logo\":{\"@type\":\"ImageObject\",\"inLanguage\":\"es\",\"@id\":\"https:\/\/keynotespeaker.one\/#\/schema\/logo\/image\/\",\"url\":\"https:\/\/keynotespeaker.one\/wp-content\/uploads\/2019\/02\/keynote-speaker-agency-logo-learning-health-sport-business-coaching.png\",\"contentUrl\":\"https:\/\/keynotespeaker.one\/wp-content\/uploads\/2019\/02\/keynote-speaker-agency-logo-learning-health-sport-business-coaching.png\",\"width\":244,\"height\":80,\"caption\":\"Keynote Speaker One\"},\"image\":{\"@id\":\"https:\/\/keynotespeaker.one\/#\/schema\/logo\/image\/\"}},{\"@type\":\"Person\",\"@id\":\"https:\/\/keynotespeaker.one\/#\/schema\/person\/a87519de701e94e1605597cc30782b6b\",\"name\":\"Stephan Czaja\",\"image\":{\"@type\":\"ImageObject\",\"inLanguage\":\"es\",\"@id\":\"https:\/\/keynotespeaker.one\/#\/schema\/person\/image\/\",\"url\":\"https:\/\/secure.gravatar.com\/avatar\/c7fcf86416e4bf49c7b4bcc65064ff1a?s=96&d=mm&r=g\",\"contentUrl\":\"https:\/\/secure.gravatar.com\/avatar\/c7fcf86416e4bf49c7b4bcc65064ff1a?s=96&d=mm&r=g\",\"caption\":\"Stephan Czaja\"}}]}<\/script>\n<!-- \/ Yoast SEO plugin. -->","yoast_head_json":{"title":"Ponente de tecnolog\u00eda: \u00bfQu\u00e9 nos depara el futuro? El presente y las tendencias del ma\u00f1ana - KY | Keynote Speaker Agency","robots":{"index":"index","follow":"follow","max-snippet":"max-snippet:-1","max-image-preview":"max-image-preview:large","max-video-preview":"max-video-preview:-1"},"canonical":"https:\/\/keynotespeaker.one\/es\/ponente-de-tecnologia-que-nos-depara-el-futuro-el-presente-y-las-tendencias-del-manana\/","og_locale":"es_ES","og_type":"article","og_title":"Ponente de tecnolog\u00eda: \u00bfQu\u00e9 nos depara el futuro? El presente y las tendencias del ma\u00f1ana - KY | Keynote Speaker Agency","og_description":"Las tecnolog\u00edas dominan nuestra vida cotidiana y la transformaci\u00f3n digital tambi\u00e9n se ha abierto paso en todos los \u00e1mbitos de la vida social y econ\u00f3mica. Incluso la pol\u00edtica est\u00e1 tomada con la transformaci\u00f3n digital. El presidente de Estados Unidos, Donald J. Trump, hace casi todas sus declaraciones pol\u00edticas a trav\u00e9s de las redes sociales, preferentemente [&hellip;]","og_url":"https:\/\/keynotespeaker.one\/es\/ponente-de-tecnologia-que-nos-depara-el-futuro-el-presente-y-las-tendencias-del-manana\/","og_site_name":"KY | Keynote Speaker Agency","article_published_time":"2019-07-03T14:47:28+00:00","article_modified_time":"2021-06-18T09:10:05+00:00","og_image":[{"width":1200,"height":700,"url":"https:\/\/keynotespeaker.one\/wp-content\/uploads\/2017\/04\/technologie-speaker-trends-morgen-zukunft-industrie-digitale-transformation.jpg","type":"image\/jpeg"}],"author":"Stephan Czaja","twitter_card":"summary_large_image","schema":{"@context":"https:\/\/schema.org","@graph":[{"@type":"Article","@id":"https:\/\/keynotespeaker.one\/es\/ponente-de-tecnologia-que-nos-depara-el-futuro-el-presente-y-las-tendencias-del-manana\/#article","isPartOf":{"@id":"https:\/\/keynotespeaker.one\/es\/ponente-de-tecnologia-que-nos-depara-el-futuro-el-presente-y-las-tendencias-del-manana\/"},"author":{"name":"Stephan Czaja","@id":"https:\/\/keynotespeaker.one\/#\/schema\/person\/a87519de701e94e1605597cc30782b6b"},"headline":"Ponente de tecnolog\u00eda: \u00bfQu\u00e9 nos depara el futuro? El presente y las tendencias del ma\u00f1ana","datePublished":"2019-07-03T14:47:28+00:00","dateModified":"2021-06-18T09:10:05+00:00","mainEntityOfPage":{"@id":"https:\/\/keynotespeaker.one\/es\/ponente-de-tecnologia-que-nos-depara-el-futuro-el-presente-y-las-tendencias-del-manana\/"},"wordCount":332,"publisher":{"@id":"https:\/\/keynotespeaker.one\/#organization"},"keywords":["Altavoz","Asesor","Conferencia","Congreso","Empresa","Expertos","Industria 4.0","orador principal","Tecnologia","transformaci\u00f3n digital"],"articleSection":["News","Noticias","Tecnolog\u00eda"],"inLanguage":"es"},{"@type":"WebPage","@id":"https:\/\/keynotespeaker.one\/es\/ponente-de-tecnologia-que-nos-depara-el-futuro-el-presente-y-las-tendencias-del-manana\/","url":"https:\/\/keynotespeaker.one\/es\/ponente-de-tecnologia-que-nos-depara-el-futuro-el-presente-y-las-tendencias-del-manana\/","name":"Ponente de tecnolog\u00eda: \u00bfQu\u00e9 nos depara el futuro? El presente y las tendencias del ma\u00f1ana - KY | Keynote Speaker Agency","isPartOf":{"@id":"https:\/\/keynotespeaker.one\/#website"},"datePublished":"2019-07-03T14:47:28+00:00","dateModified":"2021-06-18T09:10:05+00:00","breadcrumb":{"@id":"https:\/\/keynotespeaker.one\/es\/ponente-de-tecnologia-que-nos-depara-el-futuro-el-presente-y-las-tendencias-del-manana\/#breadcrumb"},"inLanguage":"es","potentialAction":[{"@type":"ReadAction","target":["https:\/\/keynotespeaker.one\/es\/ponente-de-tecnologia-que-nos-depara-el-futuro-el-presente-y-las-tendencias-del-manana\/"]}]},{"@type":"BreadcrumbList","@id":"https:\/\/keynotespeaker.one\/es\/ponente-de-tecnologia-que-nos-depara-el-futuro-el-presente-y-las-tendencias-del-manana\/#breadcrumb","itemListElement":[{"@type":"ListItem","position":1,"name":"Home","item":"https:\/\/keynotespeaker.one\/de\/start\/"},{"@type":"ListItem","position":2,"name":"Ponente de tecnolog\u00eda: \u00bfQu\u00e9 nos depara el futuro? El presente y las tendencias del ma\u00f1ana"}]},{"@type":"WebSite","@id":"https:\/\/keynotespeaker.one\/#website","url":"https:\/\/keynotespeaker.one\/","name":"KY | Keynote Speaker Agency","description":"","publisher":{"@id":"https:\/\/keynotespeaker.one\/#organization"},"potentialAction":[{"@type":"SearchAction","target":{"@type":"EntryPoint","urlTemplate":"https:\/\/keynotespeaker.one\/?s={search_term_string}"},"query-input":"required name=search_term_string"}],"inLanguage":"es"},{"@type":"Organization","@id":"https:\/\/keynotespeaker.one\/#organization","name":"Keynote Speaker One","url":"https:\/\/keynotespeaker.one\/","logo":{"@type":"ImageObject","inLanguage":"es","@id":"https:\/\/keynotespeaker.one\/#\/schema\/logo\/image\/","url":"https:\/\/keynotespeaker.one\/wp-content\/uploads\/2019\/02\/keynote-speaker-agency-logo-learning-health-sport-business-coaching.png","contentUrl":"https:\/\/keynotespeaker.one\/wp-content\/uploads\/2019\/02\/keynote-speaker-agency-logo-learning-health-sport-business-coaching.png","width":244,"height":80,"caption":"Keynote Speaker One"},"image":{"@id":"https:\/\/keynotespeaker.one\/#\/schema\/logo\/image\/"}},{"@type":"Person","@id":"https:\/\/keynotespeaker.one\/#\/schema\/person\/a87519de701e94e1605597cc30782b6b","name":"Stephan Czaja","image":{"@type":"ImageObject","inLanguage":"es","@id":"https:\/\/keynotespeaker.one\/#\/schema\/person\/image\/","url":"https:\/\/secure.gravatar.com\/avatar\/c7fcf86416e4bf49c7b4bcc65064ff1a?s=96&d=mm&r=g","contentUrl":"https:\/\/secure.gravatar.com\/avatar\/c7fcf86416e4bf49c7b4bcc65064ff1a?s=96&d=mm&r=g","caption":"Stephan Czaja"}}]}},"_links":{"self":[{"href":"https:\/\/keynotespeaker.one\/es\/wp-json\/wp\/v2\/posts\/2326"}],"collection":[{"href":"https:\/\/keynotespeaker.one\/es\/wp-json\/wp\/v2\/posts"}],"about":[{"href":"https:\/\/keynotespeaker.one\/es\/wp-json\/wp\/v2\/types\/post"}],"author":[{"embeddable":true,"href":"https:\/\/keynotespeaker.one\/es\/wp-json\/wp\/v2\/users\/2"}],"replies":[{"embeddable":true,"href":"https:\/\/keynotespeaker.one\/es\/wp-json\/wp\/v2\/comments?post=2326"}],"version-history":[{"count":0,"href":"https:\/\/keynotespeaker.one\/es\/wp-json\/wp\/v2\/posts\/2326\/revisions"}],"wp:featuredmedia":[{"embeddable":true,"href":"https:\/\/keynotespeaker.one\/es\/wp-json\/wp\/v2\/media\/1302"}],"wp:attachment":[{"href":"https:\/\/keynotespeaker.one\/es\/wp-json\/wp\/v2\/media?parent=2326"}],"wp:term":[{"taxonomy":"category","embeddable":true,"href":"https:\/\/keynotespeaker.one\/es\/wp-json\/wp\/v2\/categories?post=2326"},{"taxonomy":"post_tag","embeddable":true,"href":"https:\/\/keynotespeaker.one\/es\/wp-json\/wp\/v2\/tags?post=2326"}],"curies":[{"name":"wp","href":"https:\/\/api.w.org\/{rel}","templated":true}]}}