{"id":2305,"date":"2019-07-02T15:46:45","date_gmt":"2019-07-02T14:46:45","guid":{"rendered":"https:\/\/keynotespeaker.one\/personal-formacion-continua-y-seminarios-para-tareas-de-gestion-de-recursos-humanos\/"},"modified":"2021-06-18T10:09:51","modified_gmt":"2021-06-18T09:09:51","slug":"personal-formacion-continua-y-seminarios-para-tareas-de-gestion-de-recursos-humanos","status":"publish","type":"post","link":"https:\/\/keynotespeaker.one\/es\/personal-formacion-continua-y-seminarios-para-tareas-de-gestion-de-recursos-humanos\/","title":{"rendered":"Personal: Formaci\u00f3n continua y seminarios para tareas de gesti\u00f3n de recursos humanos"},"content":{"rendered":"<p>Encontrar la pol\u00edtica de personal adecuada para la propia empresa es, a veces, una empresa importante. Las conferencias y los discursos pueden ayudar a absorber una gran cantidad de experiencia y conocimientos en poco tiempo para integrarlos despu\u00e9s en los propios procesos econ\u00f3micos de la empresa.<\/p>\n<h2>Personal: Orador principal<\/h2>\n<p>Los recursos humanos son un tema importante para todo tipo y de empresas, porque se trata de los recursos esenciales de casi todas las empresas. El personal representa la parte superior en el desarrollo, el personal est\u00e1 en el servicio al cliente, el personal est\u00e1 en el procesamiento digital de datos, para las facturas, la contabilidad, y mucho m\u00e1s.<\/p>\n<h3>Reservar orador y conferenciante<\/h3>\n<p>Esperamos su consulta sobre el proyecto:<\/p>\n<ul>\n<li><hiddenlink href=\"https:\/\/es.keynotespeaker.one\/es\/kontakt\/\" data-type=\"page\" data-origin=\"de\" data-origin-url=\"https:\/\/keynotespeaker.one\/de\/kontakt\/\">ContactoContactar con<\/hiddenlink><\/li>\n<\/ul>\n<h3>Inicio a la peque\u00f1a y mediana empresa (PYME)<\/h3>\n<p>As\u00ed, el personal es siempre uno de los pilares esenciales en toda empresa y el desarrollo del personal, ya sea en formaci\u00f3n avanzada o en formaci\u00f3n interna con empleados experimentados. Los propios empleados casi siempre representan la calidad de una marca ante el cliente. Hoy en d\u00eda, el personal ya no s\u00f3lo se fija en un trabajo bien remunerado, sino tambi\u00e9n en las circunstancias externas.<\/p>\n<ul>\n<li>\u00bfCu\u00e1les son las caracter\u00edsticas especiales de las empresas?<\/li>\n<li>\u00bfQu\u00e9 prestaciones adicionales hay?<\/li>\n<li>Uvm.<\/li>\n<\/ul>\n<h3>La pol\u00edtica de personal desde el punto de vista de la empresa<\/h3>\n<p>La pol\u00edtica de personal desde el punto de vista de la empresa est\u00e1, por supuesto, plagada de cuestiones diferentes a las que se plantean en sentido contrario. Aqu\u00ed se trata sobre todo de las preguntas, \u00bfde d\u00f3nde se obtiene el personal hechizado? \u00bfCon qu\u00e9 medios inspirar al personal para la propia empresa? Al final ambas preguntas se encuentran en un denominador com\u00fan, qu\u00e9 beneficios obtienen sus empleados a cambio de su propio rendimiento. Una pregunta muy tradicional, pero que necesita ser reenvasada dentro de la transformaci\u00f3n digital.<\/p>\n<h3>La pol\u00edtica de personal moderna es tambi\u00e9n relaciones p\u00fablicas (PR)<\/h3>\n<p>Las redes sociales tambi\u00e9n ayudan a reclutar personal y a convencerlo de su marca. Qu\u00e9 opciones y posibilidades hay hoy en d\u00eda, explican nuestros ponentes en sus presentaciones y discursos por toda Alemania y Europa.<\/p>\n<h3>Reservar orador y conferenciante<\/h3>\n<p>Esperamos su consulta sobre el proyecto:<\/p>\n<ul>\n<li><hiddenlink href=\"https:\/\/es.keynotespeaker.one\/es\/kontakt\/\" data-type=\"page\" data-origin=\"de\" data-origin-url=\"https:\/\/keynotespeaker.one\/de\/kontakt\/\">ContactoContactar con<\/hiddenlink><\/li>\n<\/ul>\n<h3>Temas<\/h3>\n<ul>\n<li><a href=\"https:\/\/keynotespeaker.one\/de\/erholung-work-life-balance\/\" data-type=\"post\" data-origin=\"de\" data-origin-url=\"\/?p=69\" data-id=\"2284\">Recreaci\u00f3n \/ Equilibrio entre vida y trabajo<\/a><\/li>\n<li><a href=\"https:\/\/keynotespeaker.one\/de\/fuehrungskraefte\/\" data-type=\"post\" data-origin=\"de\" data-origin-url=\"\/?p=82\" data-id=\"2323\">GestoresGestoresGestoresGestores<\/a><\/li>\n<li><a href=\"https:\/\/keynotespeaker.one\/de\/emotionale-intelligenz\/\" data-type=\"post\" data-origin=\"de\" data-origin-url=\"\/?p=70\" data-id=\"2287\">Inteligencia emocional<\/a><\/li>\n<li><a href=\"https:\/\/keynotespeaker.one\/de\/gesundheit\/\" data-type=\"post\" data-origin=\"de\" data-origin-url=\"\/?p=71\" data-id=\"2290\">Salud<\/a><\/li>\n<li><a href=\"https:\/\/keynotespeaker.one\/de\/innovation\/\" data-type=\"post\" data-origin=\"de\" data-origin-url=\"\/?p=72\" data-id=\"2293\">Innovaci\u00f3n<\/a><\/li>\n<li><a href=\"https:\/\/keynotespeaker.one\/de\/kundenservice\/\" data-type=\"post\" data-origin=\"de\" data-origin-url=\"\/?p=73\" data-id=\"2296\">Servicio de atenci\u00f3n al cliente<\/a><\/li>\n<li><a href=\"https:\/\/keynotespeaker.one\/de\/marketing-verkauf\/\" data-type=\"post\" data-origin=\"de\" data-origin-url=\"\/?p=74\" data-id=\"2299\">Marketing \/ Ventas<\/a><\/li>\n<li><a href=\"https:\/\/keynotespeaker.one\/de\/motivation\/\" data-type=\"post\" data-origin=\"de\" data-origin-url=\"\/?p=75\" data-id=\"2302\">Motivaci\u00f3n<\/a><\/li>\n<li><a href=\"https:\/\/keynotespeaker.one\/de\/personal\/\" data-type=\"post\" data-origin=\"de\" data-origin-url=\"\/?p=76\" data-id=\"2305\">PersonalPersonalPersonalPersonal<\/a><\/li>\n<li><a href=\"https:\/\/keynotespeaker.one\/de\/persoenlichkeit-erfolg\/\" data-type=\"post\" data-origin=\"de\" data-origin-url=\"\/?p=77\" data-id=\"2308\">Personalidad \/ \u00c9xitoPersonalidad \/ \u00c9xitoPersonalidad \/ \u00c9xitoPersonalidad \/ \u00c9xito<\/a><\/li>\n<li><a href=\"https:\/\/keynotespeaker.one\/de\/politik\/\" data-type=\"post\" data-origin=\"de\" data-origin-url=\"\/?p=78\" data-id=\"2311\">Pol\u00edticaPol\u00edticaPol\u00edticaPol\u00edtica<\/a><\/li>\n<li><a href=\"https:\/\/keynotespeaker.one\/de\/prominente\/\" data-type=\"post\" data-origin=\"de\" data-origin-url=\"\/?p=79\" data-id=\"2314\">CelebridadesCelebridadesCelebridadesCelebridades<\/a><\/li>\n<li><a href=\"https:\/\/keynotespeaker.one\/de\/sport-fitness\/\" data-type=\"post\" data-origin=\"de\" data-origin-url=\"\/?p=80\" data-id=\"2317\">Deportes \/ FitnessDeportes \/ FitnessDeportes \/ FitnessDeportes \/ Fitness<\/a><\/li>\n<li><a href=\"https:\/\/keynotespeaker.one\/de\/teambildung\/\" data-type=\"post\" data-origin=\"de\" data-origin-url=\"\/?p=81\" data-id=\"2320\">Formaci\u00f3n de equiposFormaci\u00f3n de equiposFormaci\u00f3n de equiposFormaci\u00f3n de equipos<\/a><\/li>\n<li><a href=\"https:\/\/keynotespeaker.one\/de\/technologie\/\" data-type=\"post\" data-origin=\"de\" data-origin-url=\"\/?p=83\" data-id=\"2326\">Tecnolog\u00edaTecnolog\u00edaTecnolog\u00edaTecnolog\u00eda<\/a><\/li>\n<li><a href=\"https:\/\/keynotespeaker.one\/de\/universitaet\/\" data-type=\"post\" data-origin=\"de\" data-origin-url=\"\/?p=99\" data-id=\"2329\">UniversidadUniversidadUniversidadUniversidad<\/a><\/li>\n<li><a href=\"https:\/\/keynotespeaker.one\/de\/wirtschaft\/\" data-type=\"post\" data-origin=\"de\" data-origin-url=\"\/?p=100\" data-id=\"2332\">Econom\u00edaEconom\u00edaEconom\u00edaEconom\u00eda<\/a><\/li>\n<\/ul>\n","protected":false},"excerpt":{"rendered":"<p>Encontrar la pol\u00edtica de personal adecuada para la propia empresa es, a veces, una empresa importante. Las conferencias y los discursos pueden ayudar a absorber una gran cantidad de experiencia y conocimientos en poco tiempo para integrarlos despu\u00e9s en los propios procesos econ\u00f3micos de la empresa. Personal: Orador principal Los recursos humanos son un tema [&hellip;]<\/p>\n","protected":false},"author":2,"featured_media":1288,"comment_status":"closed","ping_status":"closed","sticky":false,"template":"","format":"standard","meta":[],"categories":[1,993,1552],"tags":[1029,1023,1031,1028,1320,1117,1026,1025,1070,1027,117,1151],"yoast_head":"<!-- This site is optimized with the Yoast SEO plugin v21.8.1 - https:\/\/yoast.com\/wordpress\/plugins\/seo\/ -->\n<title>Personal: Formaci\u00f3n continua y seminarios para tareas de gesti\u00f3n de recursos humanos - KY | Keynote Speaker Agency<\/title>\n<meta name=\"robots\" content=\"index, follow, max-snippet:-1, max-image-preview:large, max-video-preview:-1\" \/>\n<link rel=\"canonical\" href=\"https:\/\/keynotespeaker.one\/es\/personal-formacion-continua-y-seminarios-para-tareas-de-gestion-de-recursos-humanos\/\" \/>\n<meta property=\"og:locale\" content=\"es_ES\" \/>\n<meta property=\"og:type\" content=\"article\" \/>\n<meta property=\"og:title\" content=\"Personal: Formaci\u00f3n continua y seminarios para tareas de gesti\u00f3n de recursos humanos - KY | Keynote Speaker Agency\" \/>\n<meta property=\"og:description\" content=\"Encontrar la pol\u00edtica de personal adecuada para la propia empresa es, a veces, una empresa importante. Las conferencias y los discursos pueden ayudar a absorber una gran cantidad de experiencia y conocimientos en poco tiempo para integrarlos despu\u00e9s en los propios procesos econ\u00f3micos de la empresa. Personal: Orador principal Los recursos humanos son un tema [&hellip;]\" \/>\n<meta property=\"og:url\" content=\"https:\/\/keynotespeaker.one\/es\/personal-formacion-continua-y-seminarios-para-tareas-de-gestion-de-recursos-humanos\/\" \/>\n<meta property=\"og:site_name\" content=\"KY | Keynote Speaker Agency\" \/>\n<meta property=\"article:published_time\" content=\"2019-07-02T14:46:45+00:00\" \/>\n<meta property=\"article:modified_time\" content=\"2021-06-18T09:09:51+00:00\" \/>\n<meta property=\"og:image\" content=\"https:\/\/keynotespeaker.one\/wp-content\/uploads\/2017\/04\/personal-personalwesen-seminare-weiterbildung-speaker-vortrag-aufgaben-mitarbeiter-berlin-hamburg-muenchen-koeln-duesseldorf-frankfurt.jpg\" \/>\n\t<meta property=\"og:image:width\" content=\"1200\" \/>\n\t<meta property=\"og:image:height\" content=\"700\" \/>\n\t<meta property=\"og:image:type\" content=\"image\/jpeg\" \/>\n<meta name=\"author\" content=\"Stephan Czaja\" \/>\n<meta name=\"twitter:card\" content=\"summary_large_image\" \/>\n<script type=\"application\/ld+json\" class=\"yoast-schema-graph\">{\"@context\":\"https:\/\/schema.org\",\"@graph\":[{\"@type\":\"Article\",\"@id\":\"https:\/\/keynotespeaker.one\/es\/personal-formacion-continua-y-seminarios-para-tareas-de-gestion-de-recursos-humanos\/#article\",\"isPartOf\":{\"@id\":\"https:\/\/keynotespeaker.one\/es\/personal-formacion-continua-y-seminarios-para-tareas-de-gestion-de-recursos-humanos\/\"},\"author\":{\"name\":\"Stephan Czaja\",\"@id\":\"https:\/\/keynotespeaker.one\/#\/schema\/person\/a87519de701e94e1605597cc30782b6b\"},\"headline\":\"Personal: Formaci\u00f3n continua y seminarios para tareas de gesti\u00f3n de recursos humanos\",\"datePublished\":\"2019-07-02T14:46:45+00:00\",\"dateModified\":\"2021-06-18T09:09:51+00:00\",\"mainEntityOfPage\":{\"@id\":\"https:\/\/keynotespeaker.one\/es\/personal-formacion-continua-y-seminarios-para-tareas-de-gestion-de-recursos-humanos\/\"},\"wordCount\":463,\"publisher\":{\"@id\":\"https:\/\/keynotespeaker.one\/#organization\"},\"keywords\":[\"Altavoz\",\"Asesor\",\"Conferencia\",\"Congreso\",\"educaci\u00f3n adicional\",\"Empleados\",\"Empresa\",\"Expertos\",\"Innovaci\u00f3n\",\"orador principal\",\"Personal\",\"Recursos Humanos\"],\"articleSection\":[\"News\",\"Noticias\",\"Recursos Humanos\"],\"inLanguage\":\"es\"},{\"@type\":\"WebPage\",\"@id\":\"https:\/\/keynotespeaker.one\/es\/personal-formacion-continua-y-seminarios-para-tareas-de-gestion-de-recursos-humanos\/\",\"url\":\"https:\/\/keynotespeaker.one\/es\/personal-formacion-continua-y-seminarios-para-tareas-de-gestion-de-recursos-humanos\/\",\"name\":\"Personal: Formaci\u00f3n continua y seminarios para tareas de gesti\u00f3n de recursos humanos - KY | Keynote Speaker Agency\",\"isPartOf\":{\"@id\":\"https:\/\/keynotespeaker.one\/#website\"},\"datePublished\":\"2019-07-02T14:46:45+00:00\",\"dateModified\":\"2021-06-18T09:09:51+00:00\",\"breadcrumb\":{\"@id\":\"https:\/\/keynotespeaker.one\/es\/personal-formacion-continua-y-seminarios-para-tareas-de-gestion-de-recursos-humanos\/#breadcrumb\"},\"inLanguage\":\"es\",\"potentialAction\":[{\"@type\":\"ReadAction\",\"target\":[\"https:\/\/keynotespeaker.one\/es\/personal-formacion-continua-y-seminarios-para-tareas-de-gestion-de-recursos-humanos\/\"]}]},{\"@type\":\"BreadcrumbList\",\"@id\":\"https:\/\/keynotespeaker.one\/es\/personal-formacion-continua-y-seminarios-para-tareas-de-gestion-de-recursos-humanos\/#breadcrumb\",\"itemListElement\":[{\"@type\":\"ListItem\",\"position\":1,\"name\":\"Home\",\"item\":\"https:\/\/keynotespeaker.one\/de\/start\/\"},{\"@type\":\"ListItem\",\"position\":2,\"name\":\"Personal: Formaci\u00f3n continua y seminarios para tareas de gesti\u00f3n de recursos humanos\"}]},{\"@type\":\"WebSite\",\"@id\":\"https:\/\/keynotespeaker.one\/#website\",\"url\":\"https:\/\/keynotespeaker.one\/\",\"name\":\"KY | Keynote Speaker Agency\",\"description\":\"\",\"publisher\":{\"@id\":\"https:\/\/keynotespeaker.one\/#organization\"},\"potentialAction\":[{\"@type\":\"SearchAction\",\"target\":{\"@type\":\"EntryPoint\",\"urlTemplate\":\"https:\/\/keynotespeaker.one\/?s={search_term_string}\"},\"query-input\":\"required name=search_term_string\"}],\"inLanguage\":\"es\"},{\"@type\":\"Organization\",\"@id\":\"https:\/\/keynotespeaker.one\/#organization\",\"name\":\"Keynote Speaker One\",\"url\":\"https:\/\/keynotespeaker.one\/\",\"logo\":{\"@type\":\"ImageObject\",\"inLanguage\":\"es\",\"@id\":\"https:\/\/keynotespeaker.one\/#\/schema\/logo\/image\/\",\"url\":\"https:\/\/keynotespeaker.one\/wp-content\/uploads\/2019\/02\/keynote-speaker-agency-logo-learning-health-sport-business-coaching.png\",\"contentUrl\":\"https:\/\/keynotespeaker.one\/wp-content\/uploads\/2019\/02\/keynote-speaker-agency-logo-learning-health-sport-business-coaching.png\",\"width\":244,\"height\":80,\"caption\":\"Keynote Speaker One\"},\"image\":{\"@id\":\"https:\/\/keynotespeaker.one\/#\/schema\/logo\/image\/\"}},{\"@type\":\"Person\",\"@id\":\"https:\/\/keynotespeaker.one\/#\/schema\/person\/a87519de701e94e1605597cc30782b6b\",\"name\":\"Stephan Czaja\",\"image\":{\"@type\":\"ImageObject\",\"inLanguage\":\"es\",\"@id\":\"https:\/\/keynotespeaker.one\/#\/schema\/person\/image\/\",\"url\":\"https:\/\/secure.gravatar.com\/avatar\/c7fcf86416e4bf49c7b4bcc65064ff1a?s=96&d=mm&r=g\",\"contentUrl\":\"https:\/\/secure.gravatar.com\/avatar\/c7fcf86416e4bf49c7b4bcc65064ff1a?s=96&d=mm&r=g\",\"caption\":\"Stephan Czaja\"}}]}<\/script>\n<!-- \/ Yoast SEO plugin. -->","yoast_head_json":{"title":"Personal: Formaci\u00f3n continua y seminarios para tareas de gesti\u00f3n de recursos humanos - KY | Keynote Speaker Agency","robots":{"index":"index","follow":"follow","max-snippet":"max-snippet:-1","max-image-preview":"max-image-preview:large","max-video-preview":"max-video-preview:-1"},"canonical":"https:\/\/keynotespeaker.one\/es\/personal-formacion-continua-y-seminarios-para-tareas-de-gestion-de-recursos-humanos\/","og_locale":"es_ES","og_type":"article","og_title":"Personal: Formaci\u00f3n continua y seminarios para tareas de gesti\u00f3n de recursos humanos - KY | Keynote Speaker Agency","og_description":"Encontrar la pol\u00edtica de personal adecuada para la propia empresa es, a veces, una empresa importante. Las conferencias y los discursos pueden ayudar a absorber una gran cantidad de experiencia y conocimientos en poco tiempo para integrarlos despu\u00e9s en los propios procesos econ\u00f3micos de la empresa. Personal: Orador principal Los recursos humanos son un tema [&hellip;]","og_url":"https:\/\/keynotespeaker.one\/es\/personal-formacion-continua-y-seminarios-para-tareas-de-gestion-de-recursos-humanos\/","og_site_name":"KY | Keynote Speaker Agency","article_published_time":"2019-07-02T14:46:45+00:00","article_modified_time":"2021-06-18T09:09:51+00:00","og_image":[{"width":1200,"height":700,"url":"https:\/\/keynotespeaker.one\/wp-content\/uploads\/2017\/04\/personal-personalwesen-seminare-weiterbildung-speaker-vortrag-aufgaben-mitarbeiter-berlin-hamburg-muenchen-koeln-duesseldorf-frankfurt.jpg","type":"image\/jpeg"}],"author":"Stephan Czaja","twitter_card":"summary_large_image","schema":{"@context":"https:\/\/schema.org","@graph":[{"@type":"Article","@id":"https:\/\/keynotespeaker.one\/es\/personal-formacion-continua-y-seminarios-para-tareas-de-gestion-de-recursos-humanos\/#article","isPartOf":{"@id":"https:\/\/keynotespeaker.one\/es\/personal-formacion-continua-y-seminarios-para-tareas-de-gestion-de-recursos-humanos\/"},"author":{"name":"Stephan Czaja","@id":"https:\/\/keynotespeaker.one\/#\/schema\/person\/a87519de701e94e1605597cc30782b6b"},"headline":"Personal: Formaci\u00f3n continua y seminarios para tareas de gesti\u00f3n de recursos humanos","datePublished":"2019-07-02T14:46:45+00:00","dateModified":"2021-06-18T09:09:51+00:00","mainEntityOfPage":{"@id":"https:\/\/keynotespeaker.one\/es\/personal-formacion-continua-y-seminarios-para-tareas-de-gestion-de-recursos-humanos\/"},"wordCount":463,"publisher":{"@id":"https:\/\/keynotespeaker.one\/#organization"},"keywords":["Altavoz","Asesor","Conferencia","Congreso","educaci\u00f3n adicional","Empleados","Empresa","Expertos","Innovaci\u00f3n","orador principal","Personal","Recursos Humanos"],"articleSection":["News","Noticias","Recursos Humanos"],"inLanguage":"es"},{"@type":"WebPage","@id":"https:\/\/keynotespeaker.one\/es\/personal-formacion-continua-y-seminarios-para-tareas-de-gestion-de-recursos-humanos\/","url":"https:\/\/keynotespeaker.one\/es\/personal-formacion-continua-y-seminarios-para-tareas-de-gestion-de-recursos-humanos\/","name":"Personal: Formaci\u00f3n continua y seminarios para tareas de gesti\u00f3n de recursos humanos - KY | Keynote Speaker Agency","isPartOf":{"@id":"https:\/\/keynotespeaker.one\/#website"},"datePublished":"2019-07-02T14:46:45+00:00","dateModified":"2021-06-18T09:09:51+00:00","breadcrumb":{"@id":"https:\/\/keynotespeaker.one\/es\/personal-formacion-continua-y-seminarios-para-tareas-de-gestion-de-recursos-humanos\/#breadcrumb"},"inLanguage":"es","potentialAction":[{"@type":"ReadAction","target":["https:\/\/keynotespeaker.one\/es\/personal-formacion-continua-y-seminarios-para-tareas-de-gestion-de-recursos-humanos\/"]}]},{"@type":"BreadcrumbList","@id":"https:\/\/keynotespeaker.one\/es\/personal-formacion-continua-y-seminarios-para-tareas-de-gestion-de-recursos-humanos\/#breadcrumb","itemListElement":[{"@type":"ListItem","position":1,"name":"Home","item":"https:\/\/keynotespeaker.one\/de\/start\/"},{"@type":"ListItem","position":2,"name":"Personal: Formaci\u00f3n continua y seminarios para tareas de gesti\u00f3n de recursos humanos"}]},{"@type":"WebSite","@id":"https:\/\/keynotespeaker.one\/#website","url":"https:\/\/keynotespeaker.one\/","name":"KY | Keynote Speaker Agency","description":"","publisher":{"@id":"https:\/\/keynotespeaker.one\/#organization"},"potentialAction":[{"@type":"SearchAction","target":{"@type":"EntryPoint","urlTemplate":"https:\/\/keynotespeaker.one\/?s={search_term_string}"},"query-input":"required name=search_term_string"}],"inLanguage":"es"},{"@type":"Organization","@id":"https:\/\/keynotespeaker.one\/#organization","name":"Keynote Speaker One","url":"https:\/\/keynotespeaker.one\/","logo":{"@type":"ImageObject","inLanguage":"es","@id":"https:\/\/keynotespeaker.one\/#\/schema\/logo\/image\/","url":"https:\/\/keynotespeaker.one\/wp-content\/uploads\/2019\/02\/keynote-speaker-agency-logo-learning-health-sport-business-coaching.png","contentUrl":"https:\/\/keynotespeaker.one\/wp-content\/uploads\/2019\/02\/keynote-speaker-agency-logo-learning-health-sport-business-coaching.png","width":244,"height":80,"caption":"Keynote Speaker One"},"image":{"@id":"https:\/\/keynotespeaker.one\/#\/schema\/logo\/image\/"}},{"@type":"Person","@id":"https:\/\/keynotespeaker.one\/#\/schema\/person\/a87519de701e94e1605597cc30782b6b","name":"Stephan Czaja","image":{"@type":"ImageObject","inLanguage":"es","@id":"https:\/\/keynotespeaker.one\/#\/schema\/person\/image\/","url":"https:\/\/secure.gravatar.com\/avatar\/c7fcf86416e4bf49c7b4bcc65064ff1a?s=96&d=mm&r=g","contentUrl":"https:\/\/secure.gravatar.com\/avatar\/c7fcf86416e4bf49c7b4bcc65064ff1a?s=96&d=mm&r=g","caption":"Stephan Czaja"}}]}},"_links":{"self":[{"href":"https:\/\/keynotespeaker.one\/es\/wp-json\/wp\/v2\/posts\/2305"}],"collection":[{"href":"https:\/\/keynotespeaker.one\/es\/wp-json\/wp\/v2\/posts"}],"about":[{"href":"https:\/\/keynotespeaker.one\/es\/wp-json\/wp\/v2\/types\/post"}],"author":[{"embeddable":true,"href":"https:\/\/keynotespeaker.one\/es\/wp-json\/wp\/v2\/users\/2"}],"replies":[{"embeddable":true,"href":"https:\/\/keynotespeaker.one\/es\/wp-json\/wp\/v2\/comments?post=2305"}],"version-history":[{"count":0,"href":"https:\/\/keynotespeaker.one\/es\/wp-json\/wp\/v2\/posts\/2305\/revisions"}],"wp:featuredmedia":[{"embeddable":true,"href":"https:\/\/keynotespeaker.one\/es\/wp-json\/wp\/v2\/media\/1288"}],"wp:attachment":[{"href":"https:\/\/keynotespeaker.one\/es\/wp-json\/wp\/v2\/media?parent=2305"}],"wp:term":[{"taxonomy":"category","embeddable":true,"href":"https:\/\/keynotespeaker.one\/es\/wp-json\/wp\/v2\/categories?post=2305"},{"taxonomy":"post_tag","embeddable":true,"href":"https:\/\/keynotespeaker.one\/es\/wp-json\/wp\/v2\/tags?post=2305"}],"curies":[{"name":"wp","href":"https:\/\/api.w.org\/{rel}","templated":true}]}}