{"id":1565,"date":"2019-09-02T07:00:57","date_gmt":"2019-09-02T06:00:57","guid":{"rendered":"https:\/\/keynotespeaker.one\/?p=1565\/"},"modified":"2019-07-29T11:28:41","modified_gmt":"2019-07-29T10:28:41","slug":"kosten-der-geschaeftsgruendung-personal-miete-und-ausstattung-selbststaendig-machen-11","status":"publish","type":"post","link":"https:\/\/keynotespeaker.one\/de\/kosten-der-geschaeftsgruendung-personal-miete-und-ausstattung-selbststaendig-machen-11\/","title":{"rendered":"Kosten der Gesch\u00e4ftsgr\u00fcndung: Personal, Miete und Ausstattung &#8211; Selbstst\u00e4ndig machen #11"},"content":{"rendered":"<p>Kostenplanung und realistisches Denken, zwei Punkte die sich f\u00fcr manche durchaus bei\u00dfen. Denn f\u00fcr Banken und Investoren will man die m\u00f6glichen Gewinne nat\u00fcrlich so hoch wie m\u00f6glich rechnen, f\u00fcr sich selbst sollte die Einsch\u00e4tzung aber so realistisch wie m\u00f6glich sein. Lieber hast du am Ende 5.000 \u20ac mehr im Monat zur Verf\u00fcgung, als 5.000 \u20ac zu wenig. F\u00fcr die Kostenplanung gilt ein schmaler Grat zwischen, so positiv wie m\u00f6glich und so realistisch wie n\u00f6tig. Wie so ein Finanzplan im Detail aussieht, das schauen wir uns im Wesentlichen sp\u00e4ter an. Zun\u00e4chst ist es wichtig \u00fcber die gro\u00dfen Posten eine grobe Kostensch\u00e4tzung vorzunehmen. Zu Beginn sind das, abseits des Produkts und des Marketings, vor allem Miete, Ausstattung, Waren und Personal.<\/p>\n<h2>Kosten f\u00fcr die Unternehmensgr\u00fcndung<\/h2>\n<p>Die Kosten f\u00fcr Miete und Ausstattung solltest du bereits am Anfang besonders den \u00dcberblick haben. Denn wenn du z.B. einen Mietvertrag f\u00fcr B\u00fcror\u00e4ume unterschreibst, mit 50 Quadratmetern und 3 Jahre Laufzeit, dann doch schneller w\u00e4chst als gedacht und pl\u00f6tzlich 200 Quadratmeter brauchst, kann das alte B\u00fcro schnell in Kosten ausarten. Gleichzeitig brauchst du nat\u00fcrlich auch die passende Ausstattung, hier ergibt sich dasselbe Problem. Mehr Mitarbeiter bedeutet mehr Computer. Wer z.B. mit technischen Produkten arbeitet oder im Agenturwesen, der braucht in der Regel gute und leistungsf\u00e4hige Notebooks, mit bestimmter Software. Jedes einzelne Notebook muss nat\u00fcrlich komplett fertig installiert werden, bis hin zu jeder einzelnen E-Mail-Adresse. Wer keinen eigenen IT Nerd im Unternehmen hat, auf dem f\u00e4llt die Arbeit nat\u00fcrlich selbst zur\u00fcck.<\/p>\n<h3>Unerwartete Kosten: Belastung f\u00fcr das operative Gesch\u00e4ft<\/h3>\n<p>Aus eigener Erfahrung kommen dann auch Tage, an denen z.B. durch ungl\u00fcckliche Zuf\u00e4lle direkt drei Notebooks ausfallen. Da sie sowieso schon in Reparatur gehen, schickst du direkt noch ein viertes (Wackelkontakt HDMI Eingang) mit. Spontan m\u00fcssen also drei, vier neue Notebooks gekauft werden. Das bedeutet: 3.000 \u20ac Ausgaben, ein Tag einrichten, statt angeboten schreiben oder Geld verdienen hat man die Zeit mit Softwareinstallationen, E-Mail-Konten und Setups verbracht. Nat\u00fcrlich muss auch noch die Cloud verbunden werden, die wichtigsten Programme f\u00fcr das Kundenmanagement installiert, schon ist es sp\u00e4t in der Nacht. Ein wenig produktiver Tag und ein vierstelliger Betrag weniger auf dem Konto. Das beste kommt nach der Reparatur, die drei, vier neuen Notebooks werden nach der Reparatur erst einmal nicht mehr ben\u00f6tigt. Nat\u00fcrlich werden sie auf Vorrat gehalten, f\u00fcr die n\u00e4chsten neue Mitarbeiter. Zum Notebook kommen nat\u00fcrlich noch sehr viele Kleinigkeiten. Von Tischen als Arbeitsplatz \u00fcber B\u00fcrost\u00fchle bis hin zu einem neuen Voice IP Telefon. Neue Handys und Vertr\u00e4ge, WLAN-Router im zweiten Stock, Bepflanzung und Begr\u00fcnung, nat\u00fcrlich auch die Bew\u00e4sserung. Hunderte kleine Baustellen, die man als Unternehmer st\u00e4ndig im Blick haben muss. Denn wie genau lautet die Jobbezeichnung f\u00fcr all diese Fragen? Gesch\u00e4ftsf\u00fchrer. Freizeit kann man sich in der Regel erst sp\u00e4ter leisten, am Anfang bedeutet es viel eigenst\u00e4ndige Arbeit und Initiative.<\/p>\n<h2>Risikomanagement: Mitarbeiter<\/h2>\n<p>Nach und nach erledigen Mitarbeit Aufgaben. Personal bedeutet aber ebenso viel Risikomanagement. Nat\u00fcrlich k\u00f6nnten wir auch dar\u00fcber ganze Kapitel schreiben! Letztendlich ist aber oft nur ein Gedanke wichtig: Mitarbeiter vertrauen auf dich als Chef und Chefin. Mitarbeiter leben selten den Traum, sp\u00e4ter in einer gro\u00dfen Villa zu leben, durch den Erfolg der Firma, sie wollen den Lohn am Ende des Monats. Wer sich an Personalkosten \u00fcbernimmt, der riskiert schnell ein unzufriedenes Team. Das hei\u00dft im Umkehrschluss, die Arbeit bleibt bei dir. Trotzdem muss Personal sein und damit entstehen auch Personalkosten. L\u00f6hne und Abgaben m\u00fcssen wie gesagt immer p\u00fcnktlich entrichtet werden. Stellst du zuviel Personal ein, riskierst du Sozialabgaben nicht zahlen zu k\u00f6nnen. Bei R\u00fcckst\u00e4nden von Sozialabgaben versteht der Staat nat\u00fcrlich keinen Spa\u00df. Au\u00dferdem kommen noch Krankenkassen hinzu, die in der Personalplanung bzw. in der Kostenplanung f\u00fcr das Personal in der Regel kaum Ber\u00fccksichtigung finden. Im Endeffekt verbuchen Krankenkassen aber monatlich einen gro\u00dfen Posten im eigenen Unternehmen. Wenn du f\u00fcr jeden Mitarbeiter im Schnitt 500 Euro zahlst, dann sind bei 10 Mitarbeitern schnell monatlich 5.000 Euro Belastung drin, weitere 60.000 Euro Belastung im Jahr, nur f\u00fcr Krankenkassen.<\/p>\n<h2>Weitere Kosten der Gesch\u00e4ftsgr\u00fcndung<\/h2>\n<p>Zu Miete und Personal kommen nat\u00fcrlich noch viele weitere Kosten, z.B. Versicherungen. Die betriebliche Unfallversicherung, die Hausratversicherung f\u00fcr das Objekt aber auch die allgemeine Haftpflichtversicherung f\u00fcr Unternehmen. Alles keine gro\u00dfen Posten aber in Verbindung mit Handyvertr\u00e4gen, neuen elektronischen Ger\u00e4ten, sind es \u00fcber das Jahr gesehen weitere gro\u00dfe Ausgaben. Wichtig: Eine Haftpflichtversicherung musst du f\u00fcr dein Start Up immer abschlie\u00dfen.<\/p>\n\n","protected":false},"excerpt":{"rendered":"<p>Kostenplanung und realistisches Denken, zwei Punkte die sich f\u00fcr manche durchaus bei\u00dfen. Denn f\u00fcr Banken und Investoren will man die m\u00f6glichen Gewinne nat\u00fcrlich so hoch wie m\u00f6glich rechnen, f\u00fcr sich selbst sollte die Einsch\u00e4tzung aber so realistisch wie m\u00f6glich sein. Lieber hast du am Ende 5.000 \u20ac mehr im Monat zur Verf\u00fcgung, als 5.000 \u20ac [&hellip;]<\/p>\n","protected":false},"author":1,"featured_media":1665,"comment_status":"closed","ping_status":"closed","sticky":false,"template":"","format":"standard","meta":[],"categories":[30,3,28],"tags":[441,391,222,395,439,437,438,440,117,396,394,46,223],"yoast_head":"<!-- This site is optimized with the Yoast SEO plugin v21.8.1 - https:\/\/yoast.com\/wordpress\/plugins\/seo\/ -->\n<title>Kosten der Gesch\u00e4ftsgr\u00fcndung: Personal, Miete und Ausstattung - Selbstst\u00e4ndig machen #11 - KY | Keynote Speaker Agentur<\/title>\n<meta name=\"robots\" content=\"index, follow, max-snippet:-1, max-image-preview:large, max-video-preview:-1\" \/>\n<link rel=\"canonical\" href=\"https:\/\/keynotespeaker.one\/es\/costes-de-creacion-de-una-empresa-personal-alquiler-y-equipamiento-crea-tu-propia-empresa-11\/\" \/>\n<meta property=\"og:locale\" content=\"de_DE\" \/>\n<meta property=\"og:type\" content=\"article\" \/>\n<meta property=\"og:title\" content=\"Kosten der Gesch\u00e4ftsgr\u00fcndung: Personal, Miete und Ausstattung - Selbstst\u00e4ndig machen #11 - KY | Keynote Speaker Agentur\" \/>\n<meta property=\"og:description\" content=\"Kostenplanung und realistisches Denken, zwei Punkte die sich f\u00fcr manche durchaus bei\u00dfen. Denn f\u00fcr Banken und Investoren will man die m\u00f6glichen Gewinne nat\u00fcrlich so hoch wie m\u00f6glich rechnen, f\u00fcr sich selbst sollte die Einsch\u00e4tzung aber so realistisch wie m\u00f6glich sein. Lieber hast du am Ende 5.000 \u20ac mehr im Monat zur Verf\u00fcgung, als 5.000 \u20ac [&hellip;]\" \/>\n<meta property=\"og:url\" content=\"https:\/\/keynotespeaker.one\/es\/costes-de-creacion-de-una-empresa-personal-alquiler-y-equipamiento-crea-tu-propia-empresa-11\/\" \/>\n<meta property=\"og:site_name\" content=\"KY | Keynote Speaker Agentur\" \/>\n<meta property=\"article:published_time\" content=\"2019-09-02T06:00:57+00:00\" \/>\n<meta property=\"article:modified_time\" content=\"2019-07-29T10:28:41+00:00\" \/>\n<meta property=\"og:image\" content=\"https:\/\/keynotespeaker.one\/wp-content\/uploads\/2019\/07\/businessplan-schreiben-gliederung-definition-best-practice-finanzplan-inhalte.jpg\" \/>\n\t<meta property=\"og:image:width\" content=\"1250\" \/>\n\t<meta property=\"og:image:height\" content=\"620\" \/>\n\t<meta property=\"og:image:type\" content=\"image\/jpeg\" \/>\n<meta name=\"author\" content=\"L_kinski\" \/>\n<meta name=\"twitter:card\" content=\"summary_large_image\" \/>\n<script type=\"application\/ld+json\" class=\"yoast-schema-graph\">{\"@context\":\"https:\/\/schema.org\",\"@graph\":[{\"@type\":\"Article\",\"@id\":\"https:\/\/keynotespeaker.one\/es\/costes-de-creacion-de-una-empresa-personal-alquiler-y-equipamiento-crea-tu-propia-empresa-11\/#article\",\"isPartOf\":{\"@id\":\"https:\/\/keynotespeaker.one\/es\/costes-de-creacion-de-una-empresa-personal-alquiler-y-equipamiento-crea-tu-propia-empresa-11\/\"},\"author\":{\"name\":\"L_kinski\",\"@id\":\"https:\/\/keynotespeaker.one\/#\/schema\/person\/78ece012212d2cb68f477a30386f9eec\"},\"headline\":\"Kosten der Gesch\u00e4ftsgr\u00fcndung: Personal, Miete und Ausstattung &#8211; Selbstst\u00e4ndig machen #11\",\"datePublished\":\"2019-09-02T06:00:57+00:00\",\"dateModified\":\"2019-07-29T10:28:41+00:00\",\"mainEntityOfPage\":{\"@id\":\"https:\/\/keynotespeaker.one\/es\/costes-de-creacion-de-una-empresa-personal-alquiler-y-equipamiento-crea-tu-propia-empresa-11\/\"},\"wordCount\":805,\"publisher\":{\"@id\":\"https:\/\/keynotespeaker.one\/#organization\"},\"keywords\":[\"Finanzierung\",\"Firma gr\u00fcnden\",\"Fortbildung\",\"Geld verdienen\",\"Gesch\u00e4ftsgr\u00fcndung\",\"Kosten\",\"Kostenplanung\",\"Miete\",\"Personal\",\"Ratgeber\",\"Selbstst\u00e4ndig\",\"Speaker\",\"Weiterbildung\"],\"articleSection\":[\"F\u00fchrungskr\u00e4fte\",\"News\",\"Personal\"],\"inLanguage\":\"de\"},{\"@type\":\"WebPage\",\"@id\":\"https:\/\/keynotespeaker.one\/es\/costes-de-creacion-de-una-empresa-personal-alquiler-y-equipamiento-crea-tu-propia-empresa-11\/\",\"url\":\"https:\/\/keynotespeaker.one\/es\/costes-de-creacion-de-una-empresa-personal-alquiler-y-equipamiento-crea-tu-propia-empresa-11\/\",\"name\":\"Kosten der Gesch\u00e4ftsgr\u00fcndung: Personal, Miete und Ausstattung - Selbstst\u00e4ndig machen #11 - KY | Keynote Speaker Agentur\",\"isPartOf\":{\"@id\":\"https:\/\/keynotespeaker.one\/#website\"},\"datePublished\":\"2019-09-02T06:00:57+00:00\",\"dateModified\":\"2019-07-29T10:28:41+00:00\",\"breadcrumb\":{\"@id\":\"https:\/\/keynotespeaker.one\/es\/costes-de-creacion-de-una-empresa-personal-alquiler-y-equipamiento-crea-tu-propia-empresa-11\/#breadcrumb\"},\"inLanguage\":\"de\",\"potentialAction\":[{\"@type\":\"ReadAction\",\"target\":[\"https:\/\/keynotespeaker.one\/es\/costes-de-creacion-de-una-empresa-personal-alquiler-y-equipamiento-crea-tu-propia-empresa-11\/\"]}]},{\"@type\":\"BreadcrumbList\",\"@id\":\"https:\/\/keynotespeaker.one\/es\/costes-de-creacion-de-una-empresa-personal-alquiler-y-equipamiento-crea-tu-propia-empresa-11\/#breadcrumb\",\"itemListElement\":[{\"@type\":\"ListItem\",\"position\":1,\"name\":\"Home\",\"item\":\"https:\/\/keynotespeaker.one\/de\/start\/\"},{\"@type\":\"ListItem\",\"position\":2,\"name\":\"Kosten der Gesch\u00e4ftsgr\u00fcndung: Personal, Miete und Ausstattung &#8211; Selbstst\u00e4ndig machen #11\"}]},{\"@type\":\"WebSite\",\"@id\":\"https:\/\/keynotespeaker.one\/#website\",\"url\":\"https:\/\/keynotespeaker.one\/\",\"name\":\"KY | Keynote Speaker Agentur\",\"description\":\"\",\"publisher\":{\"@id\":\"https:\/\/keynotespeaker.one\/#organization\"},\"potentialAction\":[{\"@type\":\"SearchAction\",\"target\":{\"@type\":\"EntryPoint\",\"urlTemplate\":\"https:\/\/keynotespeaker.one\/?s={search_term_string}\"},\"query-input\":\"required name=search_term_string\"}],\"inLanguage\":\"de\"},{\"@type\":\"Organization\",\"@id\":\"https:\/\/keynotespeaker.one\/#organization\",\"name\":\"Keynote Speaker One\",\"url\":\"https:\/\/keynotespeaker.one\/\",\"logo\":{\"@type\":\"ImageObject\",\"inLanguage\":\"de\",\"@id\":\"https:\/\/keynotespeaker.one\/#\/schema\/logo\/image\/\",\"url\":\"https:\/\/keynotespeaker.one\/wp-content\/uploads\/2019\/02\/keynote-speaker-agency-logo-learning-health-sport-business-coaching.png\",\"contentUrl\":\"https:\/\/keynotespeaker.one\/wp-content\/uploads\/2019\/02\/keynote-speaker-agency-logo-learning-health-sport-business-coaching.png\",\"width\":244,\"height\":80,\"caption\":\"Keynote Speaker One\"},\"image\":{\"@id\":\"https:\/\/keynotespeaker.one\/#\/schema\/logo\/image\/\"}},{\"@type\":\"Person\",\"@id\":\"https:\/\/keynotespeaker.one\/#\/schema\/person\/78ece012212d2cb68f477a30386f9eec\",\"name\":\"L_kinski\",\"image\":{\"@type\":\"ImageObject\",\"inLanguage\":\"de\",\"@id\":\"https:\/\/keynotespeaker.one\/#\/schema\/person\/image\/\",\"url\":\"https:\/\/secure.gravatar.com\/avatar\/3f5a5845ea3c42385b423a32838f2f34?s=96&d=mm&r=g\",\"contentUrl\":\"https:\/\/secure.gravatar.com\/avatar\/3f5a5845ea3c42385b423a32838f2f34?s=96&d=mm&r=g\",\"caption\":\"L_kinski\"}}]}<\/script>\n<!-- \/ Yoast SEO plugin. -->","yoast_head_json":{"title":"Kosten der Gesch\u00e4ftsgr\u00fcndung: Personal, Miete und Ausstattung - Selbstst\u00e4ndig machen #11 - KY | Keynote Speaker Agentur","robots":{"index":"index","follow":"follow","max-snippet":"max-snippet:-1","max-image-preview":"max-image-preview:large","max-video-preview":"max-video-preview:-1"},"canonical":"https:\/\/keynotespeaker.one\/es\/costes-de-creacion-de-una-empresa-personal-alquiler-y-equipamiento-crea-tu-propia-empresa-11\/","og_locale":"de_DE","og_type":"article","og_title":"Kosten der Gesch\u00e4ftsgr\u00fcndung: Personal, Miete und Ausstattung - Selbstst\u00e4ndig machen #11 - KY | Keynote Speaker Agentur","og_description":"Kostenplanung und realistisches Denken, zwei Punkte die sich f\u00fcr manche durchaus bei\u00dfen. Denn f\u00fcr Banken und Investoren will man die m\u00f6glichen Gewinne nat\u00fcrlich so hoch wie m\u00f6glich rechnen, f\u00fcr sich selbst sollte die Einsch\u00e4tzung aber so realistisch wie m\u00f6glich sein. Lieber hast du am Ende 5.000 \u20ac mehr im Monat zur Verf\u00fcgung, als 5.000 \u20ac [&hellip;]","og_url":"https:\/\/keynotespeaker.one\/es\/costes-de-creacion-de-una-empresa-personal-alquiler-y-equipamiento-crea-tu-propia-empresa-11\/","og_site_name":"KY | Keynote Speaker Agentur","article_published_time":"2019-09-02T06:00:57+00:00","article_modified_time":"2019-07-29T10:28:41+00:00","og_image":[{"width":1250,"height":620,"url":"https:\/\/keynotespeaker.one\/wp-content\/uploads\/2019\/07\/businessplan-schreiben-gliederung-definition-best-practice-finanzplan-inhalte.jpg","type":"image\/jpeg"}],"author":"L_kinski","twitter_card":"summary_large_image","schema":{"@context":"https:\/\/schema.org","@graph":[{"@type":"Article","@id":"https:\/\/keynotespeaker.one\/es\/costes-de-creacion-de-una-empresa-personal-alquiler-y-equipamiento-crea-tu-propia-empresa-11\/#article","isPartOf":{"@id":"https:\/\/keynotespeaker.one\/es\/costes-de-creacion-de-una-empresa-personal-alquiler-y-equipamiento-crea-tu-propia-empresa-11\/"},"author":{"name":"L_kinski","@id":"https:\/\/keynotespeaker.one\/#\/schema\/person\/78ece012212d2cb68f477a30386f9eec"},"headline":"Kosten der Gesch\u00e4ftsgr\u00fcndung: Personal, Miete und Ausstattung &#8211; Selbstst\u00e4ndig machen #11","datePublished":"2019-09-02T06:00:57+00:00","dateModified":"2019-07-29T10:28:41+00:00","mainEntityOfPage":{"@id":"https:\/\/keynotespeaker.one\/es\/costes-de-creacion-de-una-empresa-personal-alquiler-y-equipamiento-crea-tu-propia-empresa-11\/"},"wordCount":805,"publisher":{"@id":"https:\/\/keynotespeaker.one\/#organization"},"keywords":["Finanzierung","Firma gr\u00fcnden","Fortbildung","Geld verdienen","Gesch\u00e4ftsgr\u00fcndung","Kosten","Kostenplanung","Miete","Personal","Ratgeber","Selbstst\u00e4ndig","Speaker","Weiterbildung"],"articleSection":["F\u00fchrungskr\u00e4fte","News","Personal"],"inLanguage":"de"},{"@type":"WebPage","@id":"https:\/\/keynotespeaker.one\/es\/costes-de-creacion-de-una-empresa-personal-alquiler-y-equipamiento-crea-tu-propia-empresa-11\/","url":"https:\/\/keynotespeaker.one\/es\/costes-de-creacion-de-una-empresa-personal-alquiler-y-equipamiento-crea-tu-propia-empresa-11\/","name":"Kosten der Gesch\u00e4ftsgr\u00fcndung: Personal, Miete und Ausstattung - Selbstst\u00e4ndig machen #11 - KY | Keynote Speaker Agentur","isPartOf":{"@id":"https:\/\/keynotespeaker.one\/#website"},"datePublished":"2019-09-02T06:00:57+00:00","dateModified":"2019-07-29T10:28:41+00:00","breadcrumb":{"@id":"https:\/\/keynotespeaker.one\/es\/costes-de-creacion-de-una-empresa-personal-alquiler-y-equipamiento-crea-tu-propia-empresa-11\/#breadcrumb"},"inLanguage":"de","potentialAction":[{"@type":"ReadAction","target":["https:\/\/keynotespeaker.one\/es\/costes-de-creacion-de-una-empresa-personal-alquiler-y-equipamiento-crea-tu-propia-empresa-11\/"]}]},{"@type":"BreadcrumbList","@id":"https:\/\/keynotespeaker.one\/es\/costes-de-creacion-de-una-empresa-personal-alquiler-y-equipamiento-crea-tu-propia-empresa-11\/#breadcrumb","itemListElement":[{"@type":"ListItem","position":1,"name":"Home","item":"https:\/\/keynotespeaker.one\/de\/start\/"},{"@type":"ListItem","position":2,"name":"Kosten der Gesch\u00e4ftsgr\u00fcndung: Personal, Miete und Ausstattung &#8211; Selbstst\u00e4ndig machen #11"}]},{"@type":"WebSite","@id":"https:\/\/keynotespeaker.one\/#website","url":"https:\/\/keynotespeaker.one\/","name":"KY | Keynote Speaker Agentur","description":"","publisher":{"@id":"https:\/\/keynotespeaker.one\/#organization"},"potentialAction":[{"@type":"SearchAction","target":{"@type":"EntryPoint","urlTemplate":"https:\/\/keynotespeaker.one\/?s={search_term_string}"},"query-input":"required name=search_term_string"}],"inLanguage":"de"},{"@type":"Organization","@id":"https:\/\/keynotespeaker.one\/#organization","name":"Keynote Speaker One","url":"https:\/\/keynotespeaker.one\/","logo":{"@type":"ImageObject","inLanguage":"de","@id":"https:\/\/keynotespeaker.one\/#\/schema\/logo\/image\/","url":"https:\/\/keynotespeaker.one\/wp-content\/uploads\/2019\/02\/keynote-speaker-agency-logo-learning-health-sport-business-coaching.png","contentUrl":"https:\/\/keynotespeaker.one\/wp-content\/uploads\/2019\/02\/keynote-speaker-agency-logo-learning-health-sport-business-coaching.png","width":244,"height":80,"caption":"Keynote Speaker One"},"image":{"@id":"https:\/\/keynotespeaker.one\/#\/schema\/logo\/image\/"}},{"@type":"Person","@id":"https:\/\/keynotespeaker.one\/#\/schema\/person\/78ece012212d2cb68f477a30386f9eec","name":"L_kinski","image":{"@type":"ImageObject","inLanguage":"de","@id":"https:\/\/keynotespeaker.one\/#\/schema\/person\/image\/","url":"https:\/\/secure.gravatar.com\/avatar\/3f5a5845ea3c42385b423a32838f2f34?s=96&d=mm&r=g","contentUrl":"https:\/\/secure.gravatar.com\/avatar\/3f5a5845ea3c42385b423a32838f2f34?s=96&d=mm&r=g","caption":"L_kinski"}}]}},"_links":{"self":[{"href":"https:\/\/keynotespeaker.one\/de\/wp-json\/wp\/v2\/posts\/1565"}],"collection":[{"href":"https:\/\/keynotespeaker.one\/de\/wp-json\/wp\/v2\/posts"}],"about":[{"href":"https:\/\/keynotespeaker.one\/de\/wp-json\/wp\/v2\/types\/post"}],"author":[{"embeddable":true,"href":"https:\/\/keynotespeaker.one\/de\/wp-json\/wp\/v2\/users\/1"}],"replies":[{"embeddable":true,"href":"https:\/\/keynotespeaker.one\/de\/wp-json\/wp\/v2\/comments?post=1565"}],"version-history":[{"count":0,"href":"https:\/\/keynotespeaker.one\/de\/wp-json\/wp\/v2\/posts\/1565\/revisions"}],"wp:featuredmedia":[{"embeddable":true,"href":"https:\/\/keynotespeaker.one\/de\/wp-json\/wp\/v2\/media\/1665"}],"wp:attachment":[{"href":"https:\/\/keynotespeaker.one\/de\/wp-json\/wp\/v2\/media?parent=1565"}],"wp:term":[{"taxonomy":"category","embeddable":true,"href":"https:\/\/keynotespeaker.one\/de\/wp-json\/wp\/v2\/categories?post=1565"},{"taxonomy":"post_tag","embeddable":true,"href":"https:\/\/keynotespeaker.one\/de\/wp-json\/wp\/v2\/tags?post=1565"}],"curies":[{"name":"wp","href":"https:\/\/api.w.org\/{rel}","templated":true}]}}